{"id":170041,"date":"2020-05-18T07:10:48","date_gmt":"2020-05-18T10:10:48","guid":{"rendered":"https:\/\/www.caririemacao.com\/1\/?p=170041"},"modified":"2020-05-18T07:10:48","modified_gmt":"2020-05-18T10:10:48","slug":"ex-governador-wilson-braga-morre-em-joao-pessoa","status":"publish","type":"post","link":"https:\/\/www.caririemacao.com\/1\/2020\/05\/18\/ex-governador-wilson-braga-morre-em-joao-pessoa\/","title":{"rendered":"Ex-governador Wilson Braga morre em Jo\u00e3o Pessoa"},"content":{"rendered":"\n<p>O ex-governador Wilson Braga, de 88 anos, morreu n\u00e3o noite desse domingo (17), em Jo\u00e3o Pessoa. Ele estava internado na Unidade de Terapia Intensiva (UTI) de um hospital particular da Capital com Coronav\u00edrus, doen\u00e7a da qual foi v\u00edtima.<\/p>\n\n\n\n<p>Wilson foi internado no dia 1\u00b0 de maio. No mesmo dia a sua esposa, a ex-deputada L\u00facia Braga, tamb\u00e9m foi hospitalizada, mas n\u00e3o resistiu e na sexta-feira (8), morreu tamb\u00e9m pela Covid-19.<\/p>\n\n\n\n<p>Wilson exerceu cargos de deputado estadual, deputado federal, governador da Para\u00edba, vereador e prefeito de Jo\u00e3o Pessoa. Passou por v\u00e1rias agremia\u00e7\u00f5es partid\u00e1rias,&nbsp;ARENA,&nbsp;PDS,&nbsp;PFL,&nbsp;PSDB,&nbsp;PMDB,&nbsp;PSB,&nbsp;PDT&nbsp;e&nbsp;PSD.<\/p>\n\n\n\n<p>Antes de entrar na carreira pol\u00edtica, foi l\u00edder estudantil na d\u00e9cada de 50 com destaque na Casa do Estudante em Jo\u00e3o Pessoa e representante da UNE na Para\u00edba quando cursava direito&nbsp;na Faculdade de Direito da Para\u00edba \u2013 atual&nbsp;UFPB. No ramo empresarial, Wilson Braga detinha o controle de emissoras de r\u00e1dios no estado, como a&nbsp;R\u00e1dio Sanhau\u00e1&nbsp;de Jo\u00e3o Pessoa, R\u00e1dio Cidade FM de&nbsp;Pianc\u00f3&nbsp;e R\u00e1dio Educadora de Concei\u00e7\u00e3o.<\/p>\n","protected":false},"excerpt":{"rendered":"<p>O ex-governador Wilson Braga, de 88 anos, morreu n\u00e3o noite desse domingo (17), em Jo\u00e3o Pessoa. Ele estava internado na Unidade de Terapia Intensiva (UTI)&hellip; <\/p>\n","protected":false},"author":2,"featured_media":170043,"comment_status":"closed","ping_status":"closed","sticky":false,"template":"","format":"standard","meta":{"sfsi_plus_gutenberg_text_before_share":"","sfsi_plus_gutenberg_show_text_before_share":"","sfsi_plus_gutenberg_icon_type":"","sfsi_plus_gutenberg_icon_alignemt":"","sfsi_plus_gutenburg_max_per_row":"","footnotes":""},"categories":[11],"tags":[],"class_list":["post-170041","post","type-post","status-publish","format-standard","has-post-thumbnail","hentry","category-politica"],"_links":{"self":[{"href":"https:\/\/www.caririemacao.com\/1\/wp-json\/wp\/v2\/posts\/170041","targetHints":{"allow":["GET"]}}],"collection":[{"href":"https:\/\/www.caririemacao.com\/1\/wp-json\/wp\/v2\/posts"}],"about":[{"href":"https:\/\/www.caririemacao.com\/1\/wp-json\/wp\/v2\/types\/post"}],"author":[{"embeddable":true,"href":"https:\/\/www.caririemacao.com\/1\/wp-json\/wp\/v2\/users\/2"}],"replies":[{"embeddable":true,"href":"https:\/\/www.caririemacao.com\/1\/wp-json\/wp\/v2\/comments?post=170041"}],"version-history":[{"count":1,"href":"https:\/\/www.caririemacao.com\/1\/wp-json\/wp\/v2\/posts\/170041\/revisions"}],"predecessor-version":[{"id":170042,"href":"https:\/\/www.caririemacao.com\/1\/wp-json\/wp\/v2\/posts\/170041\/revisions\/170042"}],"wp:featuredmedia":[{"embeddable":true,"href":"https:\/\/www.caririemacao.com\/1\/wp-json\/wp\/v2\/media\/170043"}],"wp:attachment":[{"href":"https:\/\/www.caririemacao.com\/1\/wp-json\/wp\/v2\/media?parent=170041"}],"wp:term":[{"taxonomy":"category","embeddable":true,"href":"https:\/\/www.caririemacao.com\/1\/wp-json\/wp\/v2\/categories?post=170041"},{"taxonomy":"post_tag","embeddable":true,"href":"https:\/\/www.caririemacao.com\/1\/wp-json\/wp\/v2\/tags?post=170041"}],"curies":[{"name":"wp","href":"https:\/\/api.w.org\/{rel}","templated":true}]}}