{"id":170050,"date":"2020-05-18T07:17:48","date_gmt":"2020-05-18T10:17:48","guid":{"rendered":"https:\/\/www.caririemacao.com\/1\/?p=170050"},"modified":"2020-05-18T07:17:48","modified_gmt":"2020-05-18T10:17:48","slug":"policia-militar-recupera-moto-roubada-apreende-cinco-armas-de-fogo-e-diversas-aves-silvestres-na-zona-rural-de-sume-e-amparo","status":"publish","type":"post","link":"https:\/\/www.caririemacao.com\/1\/2020\/05\/18\/policia-militar-recupera-moto-roubada-apreende-cinco-armas-de-fogo-e-diversas-aves-silvestres-na-zona-rural-de-sume-e-amparo\/","title":{"rendered":"Pol\u00edcia Militar recupera moto roubada, apreende cinco armas de fogo e diversas aves silvestres na zona rural de Sum\u00e9 e Amparo"},"content":{"rendered":"\n<p>Policiais do 11\u00ba Batalh\u00e3o, apreenderam cinco armas de fogo, recuperaram uma moto com restri\u00e7\u00e3o de roubo ou furto e apreenderam diversas gaiolas com p\u00e1ssaros silvestres, nesse domingo (17), durante \u201copera\u00e7\u00e3o previna-se\u201d, que visa intensificar as a\u00e7\u00f5es de policiamento ostensivo preventivo, junto a sociedade do Cariri, bem como, realizar a\u00e7\u00f5es de preven\u00e7\u00e3o e enfrentamento a pandemia do COVID-19.<\/p>\n\n\n\n<figure class=\"wp-block-image size-large\"><img fetchpriority=\"high\" decoding=\"async\" width=\"1024\" height=\"589\" src=\"https:\/\/www.caririemacao.com\/1\/wp-content\/uploads\/2020\/05\/WhatsApp-Image-2020-05-18-at-00.14.32-1024x589.jpeg\" alt=\"\" class=\"wp-image-170051\" srcset=\"https:\/\/www.caririemacao.com\/1\/wp-content\/uploads\/2020\/05\/WhatsApp-Image-2020-05-18-at-00.14.32-1024x589.jpeg 1024w, https:\/\/www.caririemacao.com\/1\/wp-content\/uploads\/2020\/05\/WhatsApp-Image-2020-05-18-at-00.14.32-300x173.jpeg 300w, https:\/\/www.caririemacao.com\/1\/wp-content\/uploads\/2020\/05\/WhatsApp-Image-2020-05-18-at-00.14.32-768x442.jpeg 768w, https:\/\/www.caririemacao.com\/1\/wp-content\/uploads\/2020\/05\/WhatsApp-Image-2020-05-18-at-00.14.32.jpeg 1245w\" sizes=\"(max-width: 1024px) 100vw, 1024px\" \/><\/figure>\n\n\n\n<p><strong>Na zona rural da cidade de Sum\u00e9<\/strong>, durante a opera\u00e7\u00e3o realizada no per\u00edodo da manh\u00e3, em um bar situado no S\u00edtio Volta do Rio, foram apreendidas duas espingardas e uma gaiola com uma ave silvestre. Em outro bar localizado no S\u00edtio Terra Vermelha, foram apreendidas duas espingardas, sete aves silvestres e diversas gaiolas, as apreens\u00f5es e os respectivos donos, foram conduzidos para a Delegacia de Pol\u00edcia Civil de Monteiro.<\/p>\n\n\n\n<p><strong>Na zona rural da cidade de Amparo<\/strong>, na opera\u00e7\u00e3o realizada no per\u00edodo da tarde, em um bar situado no S\u00edtio Lagoa do Meio, foram apreendidas uma espingarda, sete gaiolas, cinco aves silvestres e uma moto BROS com restri\u00e7\u00e3o de roubo ou furto. O acusado e as apreens\u00f5es, foram encaminhados para a Delegacia de Pol\u00edcia Civil de Monteiro<\/p>\n","protected":false},"excerpt":{"rendered":"<p>Policiais do 11\u00ba Batalh\u00e3o, apreenderam cinco armas de fogo, recuperaram uma moto com restri\u00e7\u00e3o de roubo ou furto e apreenderam diversas gaiolas com p\u00e1ssaros silvestres,&hellip; <\/p>\n","protected":false},"author":1,"featured_media":170052,"comment_status":"closed","ping_status":"closed","sticky":false,"template":"","format":"standard","meta":{"sfsi_plus_gutenberg_text_before_share":"","sfsi_plus_gutenberg_show_text_before_share":"","sfsi_plus_gutenberg_icon_type":"","sfsi_plus_gutenberg_icon_alignemt":"","sfsi_plus_gutenburg_max_per_row":"","footnotes":""},"categories":[50,12],"tags":[],"class_list":["post-170050","post","type-post","status-publish","format-standard","has-post-thumbnail","hentry","category-destaque","category-policia"],"_links":{"self":[{"href":"https:\/\/www.caririemacao.com\/1\/wp-json\/wp\/v2\/posts\/170050","targetHints":{"allow":["GET"]}}],"collection":[{"href":"https:\/\/www.caririemacao.com\/1\/wp-json\/wp\/v2\/posts"}],"about":[{"href":"https:\/\/www.caririemacao.com\/1\/wp-json\/wp\/v2\/types\/post"}],"author":[{"embeddable":true,"href":"https:\/\/www.caririemacao.com\/1\/wp-json\/wp\/v2\/users\/1"}],"replies":[{"embeddable":true,"href":"https:\/\/www.caririemacao.com\/1\/wp-json\/wp\/v2\/comments?post=170050"}],"version-history":[{"count":1,"href":"https:\/\/www.caririemacao.com\/1\/wp-json\/wp\/v2\/posts\/170050\/revisions"}],"predecessor-version":[{"id":170053,"href":"https:\/\/www.caririemacao.com\/1\/wp-json\/wp\/v2\/posts\/170050\/revisions\/170053"}],"wp:featuredmedia":[{"embeddable":true,"href":"https:\/\/www.caririemacao.com\/1\/wp-json\/wp\/v2\/media\/170052"}],"wp:attachment":[{"href":"https:\/\/www.caririemacao.com\/1\/wp-json\/wp\/v2\/media?parent=170050"}],"wp:term":[{"taxonomy":"category","embeddable":true,"href":"https:\/\/www.caririemacao.com\/1\/wp-json\/wp\/v2\/categories?post=170050"},{"taxonomy":"post_tag","embeddable":true,"href":"https:\/\/www.caririemacao.com\/1\/wp-json\/wp\/v2\/tags?post=170050"}],"curies":[{"name":"wp","href":"https:\/\/api.w.org\/{rel}","templated":true}]}}