{"id":170054,"date":"2020-05-18T07:19:01","date_gmt":"2020-05-18T10:19:01","guid":{"rendered":"https:\/\/www.caririemacao.com\/1\/?p=170054"},"modified":"2020-05-18T07:19:01","modified_gmt":"2020-05-18T10:19:01","slug":"policia-militar-auxilia-equipes-da-saude-em-barreiras-sanitarias-na-regiao-do-cariri","status":"publish","type":"post","link":"https:\/\/www.caririemacao.com\/1\/2020\/05\/18\/policia-militar-auxilia-equipes-da-saude-em-barreiras-sanitarias-na-regiao-do-cariri\/","title":{"rendered":"Pol\u00edcia Militar auxilia equipes da sa\u00fade em barreiras sanit\u00e1rias na regi\u00e3o do Cariri"},"content":{"rendered":"\n<p>As barreiras sanit\u00e1rias coordenadas pela Ag\u00eancia Estadual de Vigil\u00e2ncia Sanit\u00e1ria, realizadas no cariri, nas divisas da Para\u00edba com o Estado de Pernambuco, s\u00e3o executadas por dirigentes e t\u00e9cnicos da ag\u00eancia reguladora estadual, em parceria com a Pol\u00edcia Militar e com as Secretarias de Sa\u00fade dos Munic\u00edpios onde os trabalhos s\u00e3o realizados.<\/p>\n\n\n\n<p>As execu\u00e7\u00f5es das atividades da Pol\u00edcia, visam al\u00e9m da ostensividade quanto a coibi\u00e7\u00e3o de crimes, dar cumprimento as medidas obrigat\u00f3rias publicadas no Di\u00e1rio Oficial do Estado, auxiliando os agentes de sa\u00fade a realizarem um trabalho de monitoramento de condutores e passageiros que trafegam, evitando assim a expans\u00e3o da covid-19 em nosso em nosso Estado.<\/p>\n","protected":false},"excerpt":{"rendered":"<p>As barreiras sanit\u00e1rias coordenadas pela Ag\u00eancia Estadual de Vigil\u00e2ncia Sanit\u00e1ria, realizadas no cariri, nas divisas da Para\u00edba com o Estado de Pernambuco, s\u00e3o executadas por&hellip; <\/p>\n","protected":false},"author":1,"featured_media":170055,"comment_status":"closed","ping_status":"closed","sticky":false,"template":"","format":"standard","meta":{"sfsi_plus_gutenberg_text_before_share":"","sfsi_plus_gutenberg_show_text_before_share":"","sfsi_plus_gutenberg_icon_type":"","sfsi_plus_gutenberg_icon_alignemt":"","sfsi_plus_gutenburg_max_per_row":"","footnotes":""},"categories":[6,50],"tags":[],"class_list":["post-170054","post","type-post","status-publish","format-standard","has-post-thumbnail","hentry","category-cidades","category-destaque"],"_links":{"self":[{"href":"https:\/\/www.caririemacao.com\/1\/wp-json\/wp\/v2\/posts\/170054","targetHints":{"allow":["GET"]}}],"collection":[{"href":"https:\/\/www.caririemacao.com\/1\/wp-json\/wp\/v2\/posts"}],"about":[{"href":"https:\/\/www.caririemacao.com\/1\/wp-json\/wp\/v2\/types\/post"}],"author":[{"embeddable":true,"href":"https:\/\/www.caririemacao.com\/1\/wp-json\/wp\/v2\/users\/1"}],"replies":[{"embeddable":true,"href":"https:\/\/www.caririemacao.com\/1\/wp-json\/wp\/v2\/comments?post=170054"}],"version-history":[{"count":1,"href":"https:\/\/www.caririemacao.com\/1\/wp-json\/wp\/v2\/posts\/170054\/revisions"}],"predecessor-version":[{"id":170056,"href":"https:\/\/www.caririemacao.com\/1\/wp-json\/wp\/v2\/posts\/170054\/revisions\/170056"}],"wp:featuredmedia":[{"embeddable":true,"href":"https:\/\/www.caririemacao.com\/1\/wp-json\/wp\/v2\/media\/170055"}],"wp:attachment":[{"href":"https:\/\/www.caririemacao.com\/1\/wp-json\/wp\/v2\/media?parent=170054"}],"wp:term":[{"taxonomy":"category","embeddable":true,"href":"https:\/\/www.caririemacao.com\/1\/wp-json\/wp\/v2\/categories?post=170054"},{"taxonomy":"post_tag","embeddable":true,"href":"https:\/\/www.caririemacao.com\/1\/wp-json\/wp\/v2\/tags?post=170054"}],"curies":[{"name":"wp","href":"https:\/\/api.w.org\/{rel}","templated":true}]}}