{"id":170057,"date":"2020-05-18T07:23:30","date_gmt":"2020-05-18T10:23:30","guid":{"rendered":"https:\/\/www.caririemacao.com\/1\/?p=170057"},"modified":"2020-05-18T07:23:30","modified_gmt":"2020-05-18T10:23:30","slug":"homem-e-preso-por-crime-maria-da-penha-em-monteiro","status":"publish","type":"post","link":"https:\/\/www.caririemacao.com\/1\/2020\/05\/18\/homem-e-preso-por-crime-maria-da-penha-em-monteiro\/","title":{"rendered":"Homem \u00e9 preso por crime Maria da Penha em Monteiro"},"content":{"rendered":"\n<p>Por volta das 07:00min do domingo (17) a guarni\u00e7\u00e3o da Pol\u00edcia Militar foi acionada via denuncia no COPOM que uma mulher estava sendo agredida pelo seu esposo na rua do Cemit\u00e9rio.<\/p>\n\n\n\n<p>A guarni\u00e7\u00e3o esteve no local e constatou a veracidade do fato, a v\u00edtima de 32 anos de idade estava com diversas escoria\u00e7\u00f5es, o acusado de 27 anos foi conduzido para a delegacia de Pol\u00edcia Civil a fim de serem tomadas as medidas cab\u00edveis.<\/p>\n","protected":false},"excerpt":{"rendered":"<p>Por volta das 07:00min do domingo (17) a guarni\u00e7\u00e3o da Pol\u00edcia Militar foi acionada via denuncia no COPOM que uma mulher estava sendo agredida pelo&hellip; <\/p>\n","protected":false},"author":1,"featured_media":170058,"comment_status":"closed","ping_status":"closed","sticky":false,"template":"","format":"standard","meta":{"sfsi_plus_gutenberg_text_before_share":"","sfsi_plus_gutenberg_show_text_before_share":"","sfsi_plus_gutenberg_icon_type":"","sfsi_plus_gutenberg_icon_alignemt":"","sfsi_plus_gutenburg_max_per_row":"","footnotes":""},"categories":[50,12],"tags":[],"class_list":["post-170057","post","type-post","status-publish","format-standard","has-post-thumbnail","hentry","category-destaque","category-policia"],"_links":{"self":[{"href":"https:\/\/www.caririemacao.com\/1\/wp-json\/wp\/v2\/posts\/170057","targetHints":{"allow":["GET"]}}],"collection":[{"href":"https:\/\/www.caririemacao.com\/1\/wp-json\/wp\/v2\/posts"}],"about":[{"href":"https:\/\/www.caririemacao.com\/1\/wp-json\/wp\/v2\/types\/post"}],"author":[{"embeddable":true,"href":"https:\/\/www.caririemacao.com\/1\/wp-json\/wp\/v2\/users\/1"}],"replies":[{"embeddable":true,"href":"https:\/\/www.caririemacao.com\/1\/wp-json\/wp\/v2\/comments?post=170057"}],"version-history":[{"count":1,"href":"https:\/\/www.caririemacao.com\/1\/wp-json\/wp\/v2\/posts\/170057\/revisions"}],"predecessor-version":[{"id":170059,"href":"https:\/\/www.caririemacao.com\/1\/wp-json\/wp\/v2\/posts\/170057\/revisions\/170059"}],"wp:featuredmedia":[{"embeddable":true,"href":"https:\/\/www.caririemacao.com\/1\/wp-json\/wp\/v2\/media\/170058"}],"wp:attachment":[{"href":"https:\/\/www.caririemacao.com\/1\/wp-json\/wp\/v2\/media?parent=170057"}],"wp:term":[{"taxonomy":"category","embeddable":true,"href":"https:\/\/www.caririemacao.com\/1\/wp-json\/wp\/v2\/categories?post=170057"},{"taxonomy":"post_tag","embeddable":true,"href":"https:\/\/www.caririemacao.com\/1\/wp-json\/wp\/v2\/tags?post=170057"}],"curies":[{"name":"wp","href":"https:\/\/api.w.org\/{rel}","templated":true}]}}