{"id":170063,"date":"2020-05-18T07:28:27","date_gmt":"2020-05-18T10:28:27","guid":{"rendered":"https:\/\/www.caririemacao.com\/1\/?p=170063"},"modified":"2020-05-18T07:28:27","modified_gmt":"2020-05-18T10:28:27","slug":"homem-e-preso-por-descumprimento-de-medidas-protetivas","status":"publish","type":"post","link":"https:\/\/www.caririemacao.com\/1\/2020\/05\/18\/homem-e-preso-por-descumprimento-de-medidas-protetivas\/","title":{"rendered":"Homem \u00e9 preso por descumprimento de medidas protetivas"},"content":{"rendered":"\n<p>Por volta das 16h10min do domingo (17), Pol\u00edcia Militar foi acionada pela solicitante informando que estava sendo amea\u00e7ada pelo seu companheiro.<\/p>\n\n\n\n<p>Que ao chegar no local Rua Ant\u00f4nio Lino dos Santos, V\u00e1rzea, Sum\u00e9, a v\u00edtima de 64 anos de idade relatou que estava sofrendo amea\u00e7as de morte por parte de seu companheiro de 65 anos de idade. <\/p>\n\n\n\n<p>A mesma tinha uma medida protetiva de urg\u00eancia em desfavor do acusado. Vale ressaltar que o casal estava convivendo maritalmente, apesar da restri\u00e7\u00e3o imposta pela medida protetiva de urg\u00eancia solicitada pela v\u00edtima.<\/p>\n\n\n\n<p>Uma testemunha confirmou as amea\u00e7as. Diante do exposto os envolvidos foram encaminhados a delegacia de pol\u00edcia civil para serem tomadas as medidas cab\u00edveis.<\/p>\n","protected":false},"excerpt":{"rendered":"<p>Por volta das 16h10min do domingo (17), Pol\u00edcia Militar foi acionada pela solicitante informando que estava sendo amea\u00e7ada pelo seu companheiro. Que ao chegar no&hellip; <\/p>\n","protected":false},"author":1,"featured_media":170064,"comment_status":"closed","ping_status":"closed","sticky":false,"template":"","format":"standard","meta":{"sfsi_plus_gutenberg_text_before_share":"","sfsi_plus_gutenberg_show_text_before_share":"","sfsi_plus_gutenberg_icon_type":"","sfsi_plus_gutenberg_icon_alignemt":"","sfsi_plus_gutenburg_max_per_row":"","footnotes":""},"categories":[50,12],"tags":[],"class_list":["post-170063","post","type-post","status-publish","format-standard","has-post-thumbnail","hentry","category-destaque","category-policia"],"_links":{"self":[{"href":"https:\/\/www.caririemacao.com\/1\/wp-json\/wp\/v2\/posts\/170063","targetHints":{"allow":["GET"]}}],"collection":[{"href":"https:\/\/www.caririemacao.com\/1\/wp-json\/wp\/v2\/posts"}],"about":[{"href":"https:\/\/www.caririemacao.com\/1\/wp-json\/wp\/v2\/types\/post"}],"author":[{"embeddable":true,"href":"https:\/\/www.caririemacao.com\/1\/wp-json\/wp\/v2\/users\/1"}],"replies":[{"embeddable":true,"href":"https:\/\/www.caririemacao.com\/1\/wp-json\/wp\/v2\/comments?post=170063"}],"version-history":[{"count":1,"href":"https:\/\/www.caririemacao.com\/1\/wp-json\/wp\/v2\/posts\/170063\/revisions"}],"predecessor-version":[{"id":170065,"href":"https:\/\/www.caririemacao.com\/1\/wp-json\/wp\/v2\/posts\/170063\/revisions\/170065"}],"wp:featuredmedia":[{"embeddable":true,"href":"https:\/\/www.caririemacao.com\/1\/wp-json\/wp\/v2\/media\/170064"}],"wp:attachment":[{"href":"https:\/\/www.caririemacao.com\/1\/wp-json\/wp\/v2\/media?parent=170063"}],"wp:term":[{"taxonomy":"category","embeddable":true,"href":"https:\/\/www.caririemacao.com\/1\/wp-json\/wp\/v2\/categories?post=170063"},{"taxonomy":"post_tag","embeddable":true,"href":"https:\/\/www.caririemacao.com\/1\/wp-json\/wp\/v2\/tags?post=170063"}],"curies":[{"name":"wp","href":"https:\/\/api.w.org\/{rel}","templated":true}]}}