{"id":170071,"date":"2020-05-18T07:56:30","date_gmt":"2020-05-18T10:56:30","guid":{"rendered":"https:\/\/www.caririemacao.com\/1\/?p=170071"},"modified":"2020-05-18T07:56:30","modified_gmt":"2020-05-18T10:56:30","slug":"jornalista-da-band-e-agredida-por-bolsonarista-com-bandeira","status":"publish","type":"post","link":"https:\/\/www.caririemacao.com\/1\/2020\/05\/18\/jornalista-da-band-e-agredida-por-bolsonarista-com-bandeira\/","title":{"rendered":"Jornalista da Band \u00e9 agredida por bolsonarista com bandeira"},"content":{"rendered":"\n<p>Uma rep\u00f3rter da BandNews foi agredida neste domingo 17 em Bras\u00edlia enquanto cobria o ato bolsonarista que voltou a pedir o fechamento das institui\u00e7\u00f5es e desta vez tamb\u00e9m defendeu o uso da cloroquina.<\/p>\n\n\n\n<p>A jornalista foi atingida na cabe\u00e7a com uma bandeira do Brasil que estava sendo levada por uma militante bolsonarista. \u201cEla se desculpou meio aos risos\u201d, relatou a jornalista, que disse que \u201ca bandeirada n\u00e3o foi forte\u201d.<\/p>\n\n\n\n<p>Essa manifestante estava criticando a imprensa e se referia aos jornalistas como \u201clixo\u201d, disse ainda a rep\u00f3rter. Jair Bolsonaro tamb\u00e9m participou do ato.<\/p>\n","protected":false},"excerpt":{"rendered":"<p>Uma rep\u00f3rter da BandNews foi agredida neste domingo 17 em Bras\u00edlia enquanto cobria o ato bolsonarista que voltou a pedir o fechamento das institui\u00e7\u00f5es e&hellip; <\/p>\n","protected":false},"author":2,"featured_media":170073,"comment_status":"closed","ping_status":"closed","sticky":false,"template":"","format":"standard","meta":{"sfsi_plus_gutenberg_text_before_share":"","sfsi_plus_gutenberg_show_text_before_share":"","sfsi_plus_gutenberg_icon_type":"","sfsi_plus_gutenberg_icon_alignemt":"","sfsi_plus_gutenburg_max_per_row":"","footnotes":""},"categories":[2],"tags":[],"class_list":["post-170071","post","type-post","status-publish","format-standard","has-post-thumbnail","hentry","category-geral"],"_links":{"self":[{"href":"https:\/\/www.caririemacao.com\/1\/wp-json\/wp\/v2\/posts\/170071","targetHints":{"allow":["GET"]}}],"collection":[{"href":"https:\/\/www.caririemacao.com\/1\/wp-json\/wp\/v2\/posts"}],"about":[{"href":"https:\/\/www.caririemacao.com\/1\/wp-json\/wp\/v2\/types\/post"}],"author":[{"embeddable":true,"href":"https:\/\/www.caririemacao.com\/1\/wp-json\/wp\/v2\/users\/2"}],"replies":[{"embeddable":true,"href":"https:\/\/www.caririemacao.com\/1\/wp-json\/wp\/v2\/comments?post=170071"}],"version-history":[{"count":2,"href":"https:\/\/www.caririemacao.com\/1\/wp-json\/wp\/v2\/posts\/170071\/revisions"}],"predecessor-version":[{"id":170074,"href":"https:\/\/www.caririemacao.com\/1\/wp-json\/wp\/v2\/posts\/170071\/revisions\/170074"}],"wp:featuredmedia":[{"embeddable":true,"href":"https:\/\/www.caririemacao.com\/1\/wp-json\/wp\/v2\/media\/170073"}],"wp:attachment":[{"href":"https:\/\/www.caririemacao.com\/1\/wp-json\/wp\/v2\/media?parent=170071"}],"wp:term":[{"taxonomy":"category","embeddable":true,"href":"https:\/\/www.caririemacao.com\/1\/wp-json\/wp\/v2\/categories?post=170071"},{"taxonomy":"post_tag","embeddable":true,"href":"https:\/\/www.caririemacao.com\/1\/wp-json\/wp\/v2\/tags?post=170071"}],"curies":[{"name":"wp","href":"https:\/\/api.w.org\/{rel}","templated":true}]}}