{"id":170076,"date":"2020-05-18T08:03:58","date_gmt":"2020-05-18T11:03:58","guid":{"rendered":"https:\/\/www.caririemacao.com\/1\/?p=170076"},"modified":"2020-05-18T08:03:58","modified_gmt":"2020-05-18T11:03:58","slug":"bolsonaro-comparece-a-ato-acompanhado-de-ministros-e-sob-gritos-de-cloroquina-cloroquina","status":"publish","type":"post","link":"https:\/\/www.caririemacao.com\/1\/2020\/05\/18\/bolsonaro-comparece-a-ato-acompanhado-de-ministros-e-sob-gritos-de-cloroquina-cloroquina\/","title":{"rendered":"Bolsonaro comparece a ato acompanhado de ministros e sob gritos de \u201ccloroquina, cloroquina"},"content":{"rendered":"\n<p>O presidente Jair&nbsp;Bolsonaro&nbsp;foi ao Pal\u00e1cio do Planalto no fim da manh\u00e3 deste domingo (17) para, mais uma vez, acompanhar uma manifesta\u00e7\u00e3o em seu favor. Ele apareceu no alto da rampa do pr\u00e9dio \u00e0s 12h12, acompanhado de pelo menos 11 ministros, entre eles Augusto Heleno (Gabinete de Seguran\u00e7a Institucional), Andr\u00e9 Mendon\u00e7a (Justi\u00e7a), Luiz Eduardo Ramos (Secretaria de Governo), Onyx Lorenzoni (Cidadania), Tereza Cristina (Agricultura), Bento Albuquerque (Minas e Energia), Jorge Oliveira (Secretaria-Geral da Presid\u00eancia), Marcos Pontes (Ci\u00eancia e Tecnologia), Ernesto Ara\u00fajo (Rela\u00e7\u00f5es Exteriores) e Abraham Weintraub (Educa\u00e7\u00e3o). A informa\u00e7\u00e3o \u00e9 do jornal O Globo.<\/p>\n\n\n\n<p>Em v\u00e1rios momentos da manifesta\u00e7\u00e3o, os participantes entoavam m\u00fasica exaltando a cloroquina, medicamento que o presidente defende com o panaceia na pandemia, mas sem comprova\u00e7\u00e3o de efic\u00e1cia contra a Covid-19.<a href=\"https:\/\/twitter.com\/GeorgMarques\"><\/a>George Marques&nbsp;&#x2714;@GeorgMarques<a href=\"https:\/\/twitter.com\/GeorgMarques\/status\/1262043222345486338\"><\/a><\/p>\n\n\n\n<p>Bolsonaro aparece na rampa do Planalto para logo em seguida os manifestantes amarelo-golpista e verde-\u00f3dio come\u00e7arem a gritar \u201ccloroquina, cloroquina\u201d. Esse pa\u00eds t\u00e1 doente<\/p>\n\n\n\n<figure class=\"wp-block-image\"><img decoding=\"async\" src=\"https:\/\/pbs.twimg.com\/ext_tw_video_thumb\/1262043010319241216\/pu\/img\/PB2yA29gnO6f3uHx?format=jpg&amp;name=small\" alt=\"V\u00eddeo incorporado\"\/><\/figure>\n\n\n\n<p>\u201cManifesta\u00e7\u00e3o pura da democracia. Estou muito honrado com isso. O governo federal tem dado todo o apoio para atender as pessoas que contra\u00edram o v\u00edrus e esperamos brevemente ficar livre dessa quest\u00e3o, para o bem de todos n\u00f3s. O Brasil, tenho certeza, certeza, voltar\u00e1 mais forte\u201d, declarou Bolsonaro aos manifestantes, como informou o jornal Folha de S.Paulo.<\/p>\n\n\n\n<p>Na sa\u00edda do Pal\u00e1cio da Alvorada, ele apenas cumprimentou apoiadores e se recusou a falar com jornalistas, chegando a repreender o ministro Luiz Eduardo Ramos por ter trocado coment\u00e1rios informais com um rep\u00f3rter. Segundo Bolsonaro, ele n\u00e3o deveria responder a nenhuma pergunta porque a imprensa\u201ddeturpa tudo\u201d.<\/p>\n\n\n\n<p>A recusa de conversar com a imprensa acontece no mesmo dia em que surgiu um novo esc\u00e2ndalo contra a fam\u00edlia Bolsonaro e revelando mais uma fraude na elei\u00e7\u00e3o de 2018. O empres\u00e1rio Paulo Marinho, que foi suplente de Fl\u00e1vio Bolsonaro na disputa para o Senado, denunciou que Fl\u00e1vio foi orientado pela Pol\u00edcia Federal a demitir Fabr\u00edcio Queiroz.<\/p>\n","protected":false},"excerpt":{"rendered":"<p>O presidente Jair&nbsp;Bolsonaro&nbsp;foi ao Pal\u00e1cio do Planalto no fim da manh\u00e3 deste domingo (17) para, mais uma vez, acompanhar uma manifesta\u00e7\u00e3o em seu favor. Ele&hellip; <\/p>\n","protected":false},"author":2,"featured_media":170078,"comment_status":"closed","ping_status":"closed","sticky":false,"template":"","format":"standard","meta":{"sfsi_plus_gutenberg_text_before_share":"","sfsi_plus_gutenberg_show_text_before_share":"","sfsi_plus_gutenberg_icon_type":"","sfsi_plus_gutenberg_icon_alignemt":"","sfsi_plus_gutenburg_max_per_row":"","footnotes":""},"categories":[11],"tags":[],"class_list":["post-170076","post","type-post","status-publish","format-standard","has-post-thumbnail","hentry","category-politica"],"_links":{"self":[{"href":"https:\/\/www.caririemacao.com\/1\/wp-json\/wp\/v2\/posts\/170076","targetHints":{"allow":["GET"]}}],"collection":[{"href":"https:\/\/www.caririemacao.com\/1\/wp-json\/wp\/v2\/posts"}],"about":[{"href":"https:\/\/www.caririemacao.com\/1\/wp-json\/wp\/v2\/types\/post"}],"author":[{"embeddable":true,"href":"https:\/\/www.caririemacao.com\/1\/wp-json\/wp\/v2\/users\/2"}],"replies":[{"embeddable":true,"href":"https:\/\/www.caririemacao.com\/1\/wp-json\/wp\/v2\/comments?post=170076"}],"version-history":[{"count":2,"href":"https:\/\/www.caririemacao.com\/1\/wp-json\/wp\/v2\/posts\/170076\/revisions"}],"predecessor-version":[{"id":170079,"href":"https:\/\/www.caririemacao.com\/1\/wp-json\/wp\/v2\/posts\/170076\/revisions\/170079"}],"wp:featuredmedia":[{"embeddable":true,"href":"https:\/\/www.caririemacao.com\/1\/wp-json\/wp\/v2\/media\/170078"}],"wp:attachment":[{"href":"https:\/\/www.caririemacao.com\/1\/wp-json\/wp\/v2\/media?parent=170076"}],"wp:term":[{"taxonomy":"category","embeddable":true,"href":"https:\/\/www.caririemacao.com\/1\/wp-json\/wp\/v2\/categories?post=170076"},{"taxonomy":"post_tag","embeddable":true,"href":"https:\/\/www.caririemacao.com\/1\/wp-json\/wp\/v2\/tags?post=170076"}],"curies":[{"name":"wp","href":"https:\/\/api.w.org\/{rel}","templated":true}]}}