{"id":170098,"date":"2020-05-18T08:45:36","date_gmt":"2020-05-18T11:45:36","guid":{"rendered":"https:\/\/www.caririemacao.com\/1\/?p=170098"},"modified":"2020-05-18T08:45:36","modified_gmt":"2020-05-18T11:45:36","slug":"marcos-pontes-e-avisado-por-mais-proximos-que-bolsonaro-pretende-demiti-lo","status":"publish","type":"post","link":"https:\/\/www.caririemacao.com\/1\/2020\/05\/18\/marcos-pontes-e-avisado-por-mais-proximos-que-bolsonaro-pretende-demiti-lo\/","title":{"rendered":"Marcos Pontes \u00e9 avisado por mais pr\u00f3ximos que Bolsonaro pretende demiti-lo"},"content":{"rendered":"\n<p>O ministro Marcos Pontes, da Ci\u00eancia e Tecnologia, foi informado, por pessoas pr\u00f3ximas e ligadas ao presidente Jair Bolsonaro, que ele pode ser demitido nos pr\u00f3ximos dias. O chefe do Executivo pretende colocar no cargo um nome ligado a parlamentares do centr\u00e3o. No momento, Bolsonaro cogita entregar o minist\u00e9rio para o presidente nacional do PSD, Gilberto Kassab.<\/p>\n\n\n\n<p>Ex-ministro do governo Temer, Kassab est\u00e1 afastado, h\u00e1 500 dias, do&nbsp; cargo de secret\u00e1rio-chefe da Casa Civil do governo de Jo\u00e3o Doria (PSDB) em S\u00e3o Paulo.&nbsp; Ele foi alvo de uma opera\u00e7\u00e3o da Pol\u00edcia Federal, acusado de receber R$ 58 milh\u00f5es em propina da JBS entre 2010 e 2016.&nbsp; Desde o ano passado, ele est\u00e1 afastado da gest\u00e3o D\u00f3ria por conta de um pedido de licen\u00e7a n\u00e3o remunerada.<\/p>\n\n\n\n<p>A investiga\u00e7\u00e3o \u00e9 um entrave para a nomea\u00e7\u00e3o dele ao minist\u00e9rio, em raz\u00e3o dos preju\u00edzos que traria para a imagem do presidente e seu governo. A alternativa, estudada pelo Executivo, \u00e9 colocar um indicado de Kassab na pasta de Marcos Pontes. O astronauta, primeiro brasileiro a ir ao espa\u00e7o, decepcionou a comunidade cient\u00edfica e de tecnologia ao n\u00e3o ter posi\u00e7\u00f5es firmes em meio a perda de verba para a comunidade cient\u00edfica e universidades.<\/p>\n\n\n\n<p>Ele tamb\u00e9m n\u00e3o se posicionou contra demiss\u00f5es em seu minist\u00e9rio, como&nbsp; Ricardo Galv\u00e3o, ex-diretor do Instituto Nacional de Pesquisas Espaciais (Inpe). Pontes, que tem trajet\u00f3ria acad\u00eamica, cient\u00edfica e foi militar da For\u00e7a A\u00e9rea Brasileira (FAB) tem ficado apagado no governo e n\u00e3o ganhou apoio popular como Damares Alves, dos Direitos Humanos e Henrique Mandetta, que ocupou o Minist\u00e9rio da Sa\u00fade.<\/p>\n\n\n\n<p>Na c\u00fapula do Minist\u00e9rio da Ci\u00eancia e Tecnologia a demiss\u00e3o de Pontes \u00e9 dada como certa e a equipe dele j\u00e1 est\u00e1 avisada. O governo v\u00ea como a pasta mais f\u00e1cil de trocar, sem gerar novos cap\u00edtulos em uma crise que afeta a pol\u00edtica nacional.<\/p>\n\n\n\n<p>Pelas redes sociais, o manistro Marcos Pontes negou que esteja pr\u00f3ximo de deixar o governo<\/p>\n","protected":false},"excerpt":{"rendered":"<p>O ministro Marcos Pontes, da Ci\u00eancia e Tecnologia, foi informado, por pessoas pr\u00f3ximas e ligadas ao presidente Jair Bolsonaro, que ele pode ser demitido nos&hellip; <\/p>\n","protected":false},"author":2,"featured_media":167874,"comment_status":"closed","ping_status":"closed","sticky":false,"template":"","format":"standard","meta":{"sfsi_plus_gutenberg_text_before_share":"","sfsi_plus_gutenberg_show_text_before_share":"","sfsi_plus_gutenberg_icon_type":"","sfsi_plus_gutenberg_icon_alignemt":"","sfsi_plus_gutenburg_max_per_row":"","footnotes":""},"categories":[11],"tags":[],"class_list":["post-170098","post","type-post","status-publish","format-standard","has-post-thumbnail","hentry","category-politica"],"_links":{"self":[{"href":"https:\/\/www.caririemacao.com\/1\/wp-json\/wp\/v2\/posts\/170098","targetHints":{"allow":["GET"]}}],"collection":[{"href":"https:\/\/www.caririemacao.com\/1\/wp-json\/wp\/v2\/posts"}],"about":[{"href":"https:\/\/www.caririemacao.com\/1\/wp-json\/wp\/v2\/types\/post"}],"author":[{"embeddable":true,"href":"https:\/\/www.caririemacao.com\/1\/wp-json\/wp\/v2\/users\/2"}],"replies":[{"embeddable":true,"href":"https:\/\/www.caririemacao.com\/1\/wp-json\/wp\/v2\/comments?post=170098"}],"version-history":[{"count":2,"href":"https:\/\/www.caririemacao.com\/1\/wp-json\/wp\/v2\/posts\/170098\/revisions"}],"predecessor-version":[{"id":170100,"href":"https:\/\/www.caririemacao.com\/1\/wp-json\/wp\/v2\/posts\/170098\/revisions\/170100"}],"wp:featuredmedia":[{"embeddable":true,"href":"https:\/\/www.caririemacao.com\/1\/wp-json\/wp\/v2\/media\/167874"}],"wp:attachment":[{"href":"https:\/\/www.caririemacao.com\/1\/wp-json\/wp\/v2\/media?parent=170098"}],"wp:term":[{"taxonomy":"category","embeddable":true,"href":"https:\/\/www.caririemacao.com\/1\/wp-json\/wp\/v2\/categories?post=170098"},{"taxonomy":"post_tag","embeddable":true,"href":"https:\/\/www.caririemacao.com\/1\/wp-json\/wp\/v2\/tags?post=170098"}],"curies":[{"name":"wp","href":"https:\/\/api.w.org\/{rel}","templated":true}]}}