{"id":170106,"date":"2020-05-18T10:52:13","date_gmt":"2020-05-18T13:52:13","guid":{"rendered":"https:\/\/www.caririemacao.com\/1\/?p=170106"},"modified":"2020-05-18T10:52:13","modified_gmt":"2020-05-18T13:52:13","slug":"auxilio-emergencial-segunda-parcela-comeca-a-ser-paga-nesta-segunda-feira","status":"publish","type":"post","link":"https:\/\/www.caririemacao.com\/1\/2020\/05\/18\/auxilio-emergencial-segunda-parcela-comeca-a-ser-paga-nesta-segunda-feira\/","title":{"rendered":"Aux\u00edlio Emergencial: segunda parcela come\u00e7a a ser paga nesta segunda-feira"},"content":{"rendered":"\n<p>Nesta segunda-feira (18), come\u00e7a a ser pago a segunda parcela do aux\u00edlio emergencial.&nbsp;&nbsp;Para quem tem Bolsa Fam\u00edlia, dinheiro poder\u00e1 ser sacado de segunda-feira (18) em diante. Os outros trabalhadores ter\u00e3o de esperar at\u00e9 quarta para come\u00e7ar a receber<\/p>\n\n\n\n<p>Inicialmente, os recursos estar\u00e3o dispon\u00edveis apenas em na poupan\u00e7a social digital para movimenta\u00e7\u00f5es digitais: pagamento de contas, de boletos e realiza\u00e7\u00e3o de compras por meio de cart\u00e3o de d\u00e9bito virtual. Os saques em esp\u00e9cie para esse p\u00fablico poder\u00e3o ser feitos s\u00f3 a partir de 2 de junho, tamb\u00e9m de acordo com a data de nascimento.<\/p>\n\n\n\n<p><strong>Confira o calend\u00e1rio:<\/strong><br><img decoding=\"async\" data-src=\"https:\/\/www.clickpb.com.br\/media\/filer_public\/67\/07\/670728a8-24cb-4675-89e5-9b35f9225927\/calendario.jpg\" src=\"data:image\/svg+xml;base64,PHN2ZyB3aWR0aD0iMSIgaGVpZ2h0PSIxIiB4bWxucz0iaHR0cDovL3d3dy53My5vcmcvMjAwMC9zdmciPjwvc3ZnPg==\" class=\"lazyload\"><img decoding=\"async\" data-src=\"https:\/\/www.clickpb.com.br\/media\/filer_public\/ae\/45\/ae4501bc-7da6-4925-916f-872a1361b882\/calendario_2.jpg\" src=\"data:image\/svg+xml;base64,PHN2ZyB3aWR0aD0iMSIgaGVpZ2h0PSIxIiB4bWxucz0iaHR0cDovL3d3dy53My5vcmcvMjAwMC9zdmciPjwvc3ZnPg==\" class=\"lazyload\"><img decoding=\"async\" data-src=\"https:\/\/www.clickpb.com.br\/media\/filer_public\/cc\/b5\/ccb54a6b-1ba9-46c2-83f8-a75edf91b003\/calendario_3.jpg\" src=\"data:image\/svg+xml;base64,PHN2ZyB3aWR0aD0iMSIgaGVpZ2h0PSIxIiB4bWxucz0iaHR0cDovL3d3dy53My5vcmcvMjAwMC9zdmciPjwvc3ZnPg==\" class=\"lazyload\"><\/p>\n","protected":false},"excerpt":{"rendered":"<p>Nesta segunda-feira (18), come\u00e7a a ser pago a segunda parcela do aux\u00edlio emergencial.&nbsp;&nbsp;Para quem tem Bolsa Fam\u00edlia, dinheiro poder\u00e1 ser sacado de segunda-feira (18) em&hellip; <\/p>\n","protected":false},"author":2,"featured_media":169935,"comment_status":"closed","ping_status":"closed","sticky":false,"template":"","format":"standard","meta":{"sfsi_plus_gutenberg_text_before_share":"","sfsi_plus_gutenberg_show_text_before_share":"","sfsi_plus_gutenberg_icon_type":"","sfsi_plus_gutenberg_icon_alignemt":"","sfsi_plus_gutenburg_max_per_row":"","footnotes":""},"categories":[2],"tags":[],"class_list":["post-170106","post","type-post","status-publish","format-standard","has-post-thumbnail","hentry","category-geral"],"_links":{"self":[{"href":"https:\/\/www.caririemacao.com\/1\/wp-json\/wp\/v2\/posts\/170106","targetHints":{"allow":["GET"]}}],"collection":[{"href":"https:\/\/www.caririemacao.com\/1\/wp-json\/wp\/v2\/posts"}],"about":[{"href":"https:\/\/www.caririemacao.com\/1\/wp-json\/wp\/v2\/types\/post"}],"author":[{"embeddable":true,"href":"https:\/\/www.caririemacao.com\/1\/wp-json\/wp\/v2\/users\/2"}],"replies":[{"embeddable":true,"href":"https:\/\/www.caririemacao.com\/1\/wp-json\/wp\/v2\/comments?post=170106"}],"version-history":[{"count":1,"href":"https:\/\/www.caririemacao.com\/1\/wp-json\/wp\/v2\/posts\/170106\/revisions"}],"predecessor-version":[{"id":170107,"href":"https:\/\/www.caririemacao.com\/1\/wp-json\/wp\/v2\/posts\/170106\/revisions\/170107"}],"wp:featuredmedia":[{"embeddable":true,"href":"https:\/\/www.caririemacao.com\/1\/wp-json\/wp\/v2\/media\/169935"}],"wp:attachment":[{"href":"https:\/\/www.caririemacao.com\/1\/wp-json\/wp\/v2\/media?parent=170106"}],"wp:term":[{"taxonomy":"category","embeddable":true,"href":"https:\/\/www.caririemacao.com\/1\/wp-json\/wp\/v2\/categories?post=170106"},{"taxonomy":"post_tag","embeddable":true,"href":"https:\/\/www.caririemacao.com\/1\/wp-json\/wp\/v2\/tags?post=170106"}],"curies":[{"name":"wp","href":"https:\/\/api.w.org\/{rel}","templated":true}]}}