{"id":170113,"date":"2020-05-18T11:26:25","date_gmt":"2020-05-18T14:26:25","guid":{"rendered":"https:\/\/www.caririemacao.com\/1\/?p=170113"},"modified":"2020-05-18T11:26:25","modified_gmt":"2020-05-18T14:26:25","slug":"camara-municipal-de-caraubas-presta-homenagem-e-lamenta-morte-do-ex-governador-wilson-braga","status":"publish","type":"post","link":"https:\/\/www.caririemacao.com\/1\/2020\/05\/18\/camara-municipal-de-caraubas-presta-homenagem-e-lamenta-morte-do-ex-governador-wilson-braga\/","title":{"rendered":"C\u00e2mara Municipal de Cara\u00fabas presta homenagem e lamenta morte do ex-governador Wilson Braga"},"content":{"rendered":"\n<p>A C\u00e2mara Municipal de Cara\u00fabas, por meio do presidente Jos\u00e9 Franconero, emitiu nota de pesar, nesta segunda-feira (18), em virtude da morte do ex-governador da Para\u00edba, Wilson Braga.<\/p>\n\n\n\n<p>O ex-governador tinha 88 anos e estava com Covid-19, assim como sua esposa, L\u00facia Braga, falecida na \u00faltima sexta-feira (8).&nbsp;<\/p>\n\n\n\n<p>O presidente e vereador Jos\u00e9 Franconero lamentou a morte de Wilson Braga e desejou profundos votos de pesar \u00e0 fam\u00edlia. \u201cWilson Braga teve uma vida marcada pelo trabalho pol\u00edtico intenso, exercendo diversos cargos p\u00fablicos, deixando um legado para a hist\u00f3ria. Desejamos for\u00e7a e serenidade a fam\u00edlia e amigos para atravessar este momento de dor e luto\u201d, lamentou.<\/p>\n","protected":false},"excerpt":{"rendered":"<p>A C\u00e2mara Municipal de Cara\u00fabas, por meio do presidente Jos\u00e9 Franconero, emitiu nota de pesar, nesta segunda-feira (18), em virtude da morte do ex-governador da&hellip; <\/p>\n","protected":false},"author":1,"featured_media":170114,"comment_status":"closed","ping_status":"closed","sticky":false,"template":"","format":"standard","meta":{"sfsi_plus_gutenberg_text_before_share":"","sfsi_plus_gutenberg_show_text_before_share":"","sfsi_plus_gutenberg_icon_type":"","sfsi_plus_gutenberg_icon_alignemt":"","sfsi_plus_gutenburg_max_per_row":"","footnotes":""},"categories":[50,2],"tags":[],"class_list":["post-170113","post","type-post","status-publish","format-standard","has-post-thumbnail","hentry","category-destaque","category-geral"],"_links":{"self":[{"href":"https:\/\/www.caririemacao.com\/1\/wp-json\/wp\/v2\/posts\/170113","targetHints":{"allow":["GET"]}}],"collection":[{"href":"https:\/\/www.caririemacao.com\/1\/wp-json\/wp\/v2\/posts"}],"about":[{"href":"https:\/\/www.caririemacao.com\/1\/wp-json\/wp\/v2\/types\/post"}],"author":[{"embeddable":true,"href":"https:\/\/www.caririemacao.com\/1\/wp-json\/wp\/v2\/users\/1"}],"replies":[{"embeddable":true,"href":"https:\/\/www.caririemacao.com\/1\/wp-json\/wp\/v2\/comments?post=170113"}],"version-history":[{"count":1,"href":"https:\/\/www.caririemacao.com\/1\/wp-json\/wp\/v2\/posts\/170113\/revisions"}],"predecessor-version":[{"id":170115,"href":"https:\/\/www.caririemacao.com\/1\/wp-json\/wp\/v2\/posts\/170113\/revisions\/170115"}],"wp:featuredmedia":[{"embeddable":true,"href":"https:\/\/www.caririemacao.com\/1\/wp-json\/wp\/v2\/media\/170114"}],"wp:attachment":[{"href":"https:\/\/www.caririemacao.com\/1\/wp-json\/wp\/v2\/media?parent=170113"}],"wp:term":[{"taxonomy":"category","embeddable":true,"href":"https:\/\/www.caririemacao.com\/1\/wp-json\/wp\/v2\/categories?post=170113"},{"taxonomy":"post_tag","embeddable":true,"href":"https:\/\/www.caririemacao.com\/1\/wp-json\/wp\/v2\/tags?post=170113"}],"curies":[{"name":"wp","href":"https:\/\/api.w.org\/{rel}","templated":true}]}}