{"id":170120,"date":"2020-05-18T12:41:52","date_gmt":"2020-05-18T15:41:52","guid":{"rendered":"https:\/\/www.caririemacao.com\/1\/?p=170120"},"modified":"2020-05-18T12:41:52","modified_gmt":"2020-05-18T15:41:52","slug":"azevedo-decreta-luto-oficial-de-tres-dias-por-morte-de-ex-governador-da-paraiba","status":"publish","type":"post","link":"https:\/\/www.caririemacao.com\/1\/2020\/05\/18\/azevedo-decreta-luto-oficial-de-tres-dias-por-morte-de-ex-governador-da-paraiba\/","title":{"rendered":"Azev\u00eado decreta luto oficial de tr\u00eas dias por morte de ex-governador da Para\u00edba"},"content":{"rendered":"\n<p>O governador Jo\u00e3o Azev\u00eado decretou luto oficial de tr\u00eas dias e lamentou a\u00a0morte do ex-governador Wilson Braga, de quem foi auxiliar de Governo nos anos 1980, exercendo os cargos de diretor da Divis\u00e3o de Planejamento Habitacional do antigo Instituto de Previd\u00eancia do Estado da Para\u00edba (Ipep); e coordenador de Planejamento do Conjunto Valentina Figueiredo, al\u00e9m de outros conjuntos constru\u00eddos na sua gest\u00e3o.<\/p>\n\n\n\n<p>Wilson Leite Braga teve uma carreira pol\u00edtica bastante atuante. Exerceu cargos de deputado estadual, deputado federal, governador da Para\u00edba, vereador e prefeito de Jo\u00e3o Pessoa.<\/p>\n\n\n\n<p>Como governador (1983-1986), teve um mandato marcado por obras importantes, com destaque para o \u2018Projeto Cana\u00e3\u2019, considerado pioneiro na constru\u00e7\u00e3o de a\u00e7udes e barragens em v\u00e1rios munic\u00edpios paraibanos, com o objetivo de minimizar os efeitos da seca e da falta d\u2019\u00e1gua nas regi\u00f5es mais atingidas pela estiagem.<\/p>\n\n\n\n<p>Neste momento de luto da pol\u00edtica paraibana, o governador Jo\u00e3o Azev\u00eado se solidariza com a dor dos amigos e familiares pela perda irrepar\u00e1vel e apresenta suas condol\u00eancias.<\/p>\n","protected":false},"excerpt":{"rendered":"<p>O governador Jo\u00e3o Azev\u00eado decretou luto oficial de tr\u00eas dias e lamentou a\u00a0morte do ex-governador Wilson Braga, de quem foi auxiliar de Governo nos anos&hellip; <\/p>\n","protected":false},"author":2,"featured_media":87263,"comment_status":"closed","ping_status":"closed","sticky":false,"template":"","format":"standard","meta":{"sfsi_plus_gutenberg_text_before_share":"","sfsi_plus_gutenberg_show_text_before_share":"","sfsi_plus_gutenberg_icon_type":"","sfsi_plus_gutenberg_icon_alignemt":"","sfsi_plus_gutenburg_max_per_row":"","footnotes":""},"categories":[11],"tags":[],"class_list":["post-170120","post","type-post","status-publish","format-standard","has-post-thumbnail","hentry","category-politica"],"_links":{"self":[{"href":"https:\/\/www.caririemacao.com\/1\/wp-json\/wp\/v2\/posts\/170120","targetHints":{"allow":["GET"]}}],"collection":[{"href":"https:\/\/www.caririemacao.com\/1\/wp-json\/wp\/v2\/posts"}],"about":[{"href":"https:\/\/www.caririemacao.com\/1\/wp-json\/wp\/v2\/types\/post"}],"author":[{"embeddable":true,"href":"https:\/\/www.caririemacao.com\/1\/wp-json\/wp\/v2\/users\/2"}],"replies":[{"embeddable":true,"href":"https:\/\/www.caririemacao.com\/1\/wp-json\/wp\/v2\/comments?post=170120"}],"version-history":[{"count":1,"href":"https:\/\/www.caririemacao.com\/1\/wp-json\/wp\/v2\/posts\/170120\/revisions"}],"predecessor-version":[{"id":170121,"href":"https:\/\/www.caririemacao.com\/1\/wp-json\/wp\/v2\/posts\/170120\/revisions\/170121"}],"wp:featuredmedia":[{"embeddable":true,"href":"https:\/\/www.caririemacao.com\/1\/wp-json\/wp\/v2\/media\/87263"}],"wp:attachment":[{"href":"https:\/\/www.caririemacao.com\/1\/wp-json\/wp\/v2\/media?parent=170120"}],"wp:term":[{"taxonomy":"category","embeddable":true,"href":"https:\/\/www.caririemacao.com\/1\/wp-json\/wp\/v2\/categories?post=170120"},{"taxonomy":"post_tag","embeddable":true,"href":"https:\/\/www.caririemacao.com\/1\/wp-json\/wp\/v2\/tags?post=170120"}],"curies":[{"name":"wp","href":"https:\/\/api.w.org\/{rel}","templated":true}]}}