{"id":170124,"date":"2020-05-18T13:04:10","date_gmt":"2020-05-18T16:04:10","guid":{"rendered":"https:\/\/www.caririemacao.com\/1\/?p=170124"},"modified":"2020-05-18T13:04:10","modified_gmt":"2020-05-18T16:04:10","slug":"secretaria-de-agricultura-de-monteiro-realiza-servicos-com-quatro-equipes-na-zona-rural","status":"publish","type":"post","link":"https:\/\/www.caririemacao.com\/1\/2020\/05\/18\/secretaria-de-agricultura-de-monteiro-realiza-servicos-com-quatro-equipes-na-zona-rural\/","title":{"rendered":"Secretaria de Agricultura de Monteiro realiza servi\u00e7os com quatro equipes na zona rural"},"content":{"rendered":"\n<h1 class=\"wp-block-heading\"><\/h1>\n\n\n\n<hr class=\"wp-block-separator\"\/>\n\n\n\n<p>A Secretaria de Agricultura do munic\u00edpio de Monteiro tem realizado um trabalho incans\u00e1vel na zona rural do munic\u00edpio, e nesta segunda-feira, 18, est\u00e1 executando servi\u00e7os de manuten\u00e7\u00e3o de estradas, reposi\u00e7\u00e3o de &nbsp;l\u00e2mpadas e conserto de cata-ventos.<\/p>\n\n\n\n<p>Dando continuidade ao cronograma semanal, as equipes est\u00e3o divididas em quatro setores sendo eles:<br>1\u00aa equipe no S\u00edtio Aroeiras e Tapagem,<br>2\u00aa equipe &nbsp;na estrada do &nbsp;Bom Jesus e Moc\u00f3;<br>3\u00aa equipe na estrada do Barro, Queima\u00e7\u00e3o e \u00c1gua Branca;<br>4\u00aa equipe na estrada do Chal\u00e9 e &nbsp;Barro.<\/p>\n\n\n\n<p>Com uma aten\u00e7\u00e3o tamb\u00e9m destinada diretamente \u00e0s reposi\u00e7\u00f5es de l\u00e2mpadas, uma equipe de eletricistas estar\u00e1 realizando os servi\u00e7os nas comunidades de: Extrema e Cachoeirinha. J\u00e1 os profissionais destinados aos reparos em cataventos estar\u00e3o na Comunidade de Aroeira.<\/p>\n\n\n\n<p>\u201cEstamos em um trabalho intenso nas comunidades rurais recuperando as estradas, tamb\u00e9m com uma aten\u00e7\u00e3o especial \u00e0s reposi\u00e7\u00f5es de l\u00e2mpadas e tamb\u00e9m reparos em cataventos, de forma que a popula\u00e7\u00e3o seja atendida. Este \u00e9 um trabalho de rod\u00edzio, pois muitas vezes o trabalho \u00e9 feito e de acordo com as chuvas t\u00eam que ser refeitos\u201d, aponta a prefeita Anna Lorena.<\/p>\n\n\n\n<p>O secret\u00e1rio da pasta ainda informa: \u201cEstamos sempre realizando trabalhos em prol do homem do campo e quando necessitarem de reposi\u00e7\u00e3o de l\u00e2mpadas e outros servi\u00e7os procurem sua associa\u00e7\u00e3o ou a Secretaria de Agricultura para solicitar seu pedido que com certeza ser\u00e1 executado\u201d, disse Erinaldo Bezerra (Chova).<\/p>\n","protected":false},"excerpt":{"rendered":"<p>A Secretaria de Agricultura do munic\u00edpio de Monteiro tem realizado um trabalho incans\u00e1vel na zona rural do munic\u00edpio, e nesta segunda-feira, 18, est\u00e1 executando servi\u00e7os&hellip; <\/p>\n","protected":false},"author":2,"featured_media":170125,"comment_status":"closed","ping_status":"closed","sticky":false,"template":"","format":"standard","meta":{"sfsi_plus_gutenberg_text_before_share":"","sfsi_plus_gutenberg_show_text_before_share":"","sfsi_plus_gutenberg_icon_type":"","sfsi_plus_gutenberg_icon_alignemt":"","sfsi_plus_gutenburg_max_per_row":"","footnotes":""},"categories":[2],"tags":[],"class_list":["post-170124","post","type-post","status-publish","format-standard","has-post-thumbnail","hentry","category-geral"],"_links":{"self":[{"href":"https:\/\/www.caririemacao.com\/1\/wp-json\/wp\/v2\/posts\/170124","targetHints":{"allow":["GET"]}}],"collection":[{"href":"https:\/\/www.caririemacao.com\/1\/wp-json\/wp\/v2\/posts"}],"about":[{"href":"https:\/\/www.caririemacao.com\/1\/wp-json\/wp\/v2\/types\/post"}],"author":[{"embeddable":true,"href":"https:\/\/www.caririemacao.com\/1\/wp-json\/wp\/v2\/users\/2"}],"replies":[{"embeddable":true,"href":"https:\/\/www.caririemacao.com\/1\/wp-json\/wp\/v2\/comments?post=170124"}],"version-history":[{"count":1,"href":"https:\/\/www.caririemacao.com\/1\/wp-json\/wp\/v2\/posts\/170124\/revisions"}],"predecessor-version":[{"id":170126,"href":"https:\/\/www.caririemacao.com\/1\/wp-json\/wp\/v2\/posts\/170124\/revisions\/170126"}],"wp:featuredmedia":[{"embeddable":true,"href":"https:\/\/www.caririemacao.com\/1\/wp-json\/wp\/v2\/media\/170125"}],"wp:attachment":[{"href":"https:\/\/www.caririemacao.com\/1\/wp-json\/wp\/v2\/media?parent=170124"}],"wp:term":[{"taxonomy":"category","embeddable":true,"href":"https:\/\/www.caririemacao.com\/1\/wp-json\/wp\/v2\/categories?post=170124"},{"taxonomy":"post_tag","embeddable":true,"href":"https:\/\/www.caririemacao.com\/1\/wp-json\/wp\/v2\/tags?post=170124"}],"curies":[{"name":"wp","href":"https:\/\/api.w.org\/{rel}","templated":true}]}}