{"id":170143,"date":"2020-05-18T13:32:19","date_gmt":"2020-05-18T16:32:19","guid":{"rendered":"https:\/\/www.caririemacao.com\/1\/?p=170143"},"modified":"2020-05-18T13:32:19","modified_gmt":"2020-05-18T16:32:19","slug":"governo-federal-concede-registro-para-cubanos-reintegrarem-o-programa-mais-medicos","status":"publish","type":"post","link":"https:\/\/www.caririemacao.com\/1\/2020\/05\/18\/governo-federal-concede-registro-para-cubanos-reintegrarem-o-programa-mais-medicos\/","title":{"rendered":"Governo Federal concede registro para cubanos reintegrarem o Programa Mais M\u00e9dicos"},"content":{"rendered":"\n<h1 class=\"wp-block-heading\"><\/h1>\n\n\n\n<p>O Minist\u00e9rio da Sa\u00fade publicou no Di\u00e1rio Oficial da Uni\u00e3o de hoje (18) a lista de m\u00e9dicos cubanos que ser\u00e3o reincorporados ao programa Mais M\u00e9dicos.<\/p>\n\n\n\n<p>De acordo com a Portaria n\u00ba 31, por meio da Secretaria de Aten\u00e7\u00e3o Prim\u00e1ria \u00e0 Sa\u00fade ser\u00e1 concedido registro \u00fanico para o exerc\u00edcio da medicina, no \u00e2mbito do projeto, aos m\u00e9dicos cubanos \u201creincorporados em 1\u00aa chamada do Edital n\u00ba 9 de 26 de mar\u00e7o de 2020\u201d.<\/p>\n\n\n\n<p>Para acessar a portaria com a lista dos m\u00e9dicos cubanos, bem como a localidade e a data em que as atividades ser\u00e3o iniciadas,&nbsp;<a href=\"http:\/\/www.in.gov.br\/web\/dou\/-\/portaria-n-31-de-15-de-maio-de-2020-257198348\">clique aqui<\/a>.<\/p>\n\n\n\n<p>Em mar\u00e7o, o Minist\u00e9rio da Sa\u00fade informou que 7.167 m\u00e9dicos j\u00e1 haviam se inscrito no edital do Mais M\u00e9dico aberto para refor\u00e7ar as equipes de sa\u00fade em fun\u00e7\u00e3o da epidemia do novo coronav\u00edrus (covid-19). A previs\u00e3o anunciada foi de que at\u00e9 cinco chamadas seriam feitas, sendo que m\u00e9dicos cubanos poder\u00e3o ser convocados ap\u00f3s a 3\u00aa chamada.<\/p>\n\n\n\n<p>A pasta havia estimado um total de R$ 1,4 bilh\u00e3o em investimentos, e que esses profissionais poder\u00e3o atuar em mais de uma unidade de sa\u00fade, o que dever\u00e1 ser organizado pelas respectivas secretarias de sa\u00fade.<\/p>\n","protected":false},"excerpt":{"rendered":"<p>O Minist\u00e9rio da Sa\u00fade publicou no Di\u00e1rio Oficial da Uni\u00e3o de hoje (18) a lista de m\u00e9dicos cubanos que ser\u00e3o reincorporados ao programa Mais M\u00e9dicos.&hellip; <\/p>\n","protected":false},"author":2,"featured_media":170144,"comment_status":"closed","ping_status":"closed","sticky":false,"template":"","format":"standard","meta":{"sfsi_plus_gutenberg_text_before_share":"","sfsi_plus_gutenberg_show_text_before_share":"","sfsi_plus_gutenberg_icon_type":"","sfsi_plus_gutenberg_icon_alignemt":"","sfsi_plus_gutenburg_max_per_row":"","footnotes":""},"categories":[11],"tags":[],"class_list":["post-170143","post","type-post","status-publish","format-standard","has-post-thumbnail","hentry","category-politica"],"_links":{"self":[{"href":"https:\/\/www.caririemacao.com\/1\/wp-json\/wp\/v2\/posts\/170143","targetHints":{"allow":["GET"]}}],"collection":[{"href":"https:\/\/www.caririemacao.com\/1\/wp-json\/wp\/v2\/posts"}],"about":[{"href":"https:\/\/www.caririemacao.com\/1\/wp-json\/wp\/v2\/types\/post"}],"author":[{"embeddable":true,"href":"https:\/\/www.caririemacao.com\/1\/wp-json\/wp\/v2\/users\/2"}],"replies":[{"embeddable":true,"href":"https:\/\/www.caririemacao.com\/1\/wp-json\/wp\/v2\/comments?post=170143"}],"version-history":[{"count":1,"href":"https:\/\/www.caririemacao.com\/1\/wp-json\/wp\/v2\/posts\/170143\/revisions"}],"predecessor-version":[{"id":170145,"href":"https:\/\/www.caririemacao.com\/1\/wp-json\/wp\/v2\/posts\/170143\/revisions\/170145"}],"wp:featuredmedia":[{"embeddable":true,"href":"https:\/\/www.caririemacao.com\/1\/wp-json\/wp\/v2\/media\/170144"}],"wp:attachment":[{"href":"https:\/\/www.caririemacao.com\/1\/wp-json\/wp\/v2\/media?parent=170143"}],"wp:term":[{"taxonomy":"category","embeddable":true,"href":"https:\/\/www.caririemacao.com\/1\/wp-json\/wp\/v2\/categories?post=170143"},{"taxonomy":"post_tag","embeddable":true,"href":"https:\/\/www.caririemacao.com\/1\/wp-json\/wp\/v2\/tags?post=170143"}],"curies":[{"name":"wp","href":"https:\/\/api.w.org\/{rel}","templated":true}]}}