{"id":170150,"date":"2020-05-18T14:20:45","date_gmt":"2020-05-18T17:20:45","guid":{"rendered":"https:\/\/www.caririemacao.com\/1\/?p=170150"},"modified":"2020-05-18T14:20:45","modified_gmt":"2020-05-18T17:20:45","slug":"brasil-pode-ficar-no-fim-da-fila-por-vacina","status":"publish","type":"post","link":"https:\/\/www.caririemacao.com\/1\/2020\/05\/18\/brasil-pode-ficar-no-fim-da-fila-por-vacina\/","title":{"rendered":"Brasil pode ficar no fim da fila por vacina"},"content":{"rendered":"\n<p>O Brasil corre o risco de ficar no \u201cfim da fila\u201d para receber uma eventual vacina para a Covid-19, diz o Valor Econ\u00f4mico.<br><br>\u201cPor causa de brigas deflagradas pelo presidente Jair Bolsonaro\u201d, o pa\u00eds nem sequer foi convidado a participar do lan\u00e7amento de uma a\u00e7\u00e3o global para o desenvolvimento, a produ\u00e7\u00e3o e o acesso equitativo a digan\u00f3sticos, tratamento e uma poss\u00edvel vacina contra a doen\u00e7a.<br><br>As discuss\u00f5es ocorreram no fim de abril e reuniram pa\u00edses como Fran\u00e7a e Alemanha, al\u00e9m de organiza\u00e7\u00f5es internacionais, funda\u00e7\u00f5es e empresas privadas.<br><br>No m\u00eas passado, como registramos, a Uni\u00e3o Europeia obteve a promessa coletiva de que 7,4 bilh\u00f5es de euros ser\u00e3o destinados ao financiamento de pesquisas e estudos para uma vacina.<br><br>\u201cAgora, setores no Brasil na \u00e1rea de ci\u00eancia e tecnologia se movimentam para convencer o governo a participar da a\u00e7\u00e3o global. Primeiro porque, apesar do discurso de acesso equitativo da iniciativa, o risco \u00e9 de o pa\u00eds, se ficar fora [\u2026], n\u00e3o ser priorit\u00e1rio para receber a vacina, n\u00e3o poder influenciar na quest\u00e3o de pre\u00e7os e enfrentar condi\u00e7\u00f5es inferiores\u201d, diz o jornal.<br><br>Caso passe a integrar a iniciativa global, o Brasil tamb\u00e9m oferecer\u00e1 \u00e0 Fiocruz a oportunidade para participar de alguma etapa do processo produtivo, pois ser\u00e3o necess\u00e1rias muitas f\u00e1bricas e laborat\u00f3rios em todo o mundo para produzir as vacinas em larga escala.<br><br>A participa\u00e7\u00e3o na iniciativa global \u00e9 volunt\u00e1ria. Ainda d\u00e1 tempo de o Brasil entrar.<\/p>\n","protected":false},"excerpt":{"rendered":"<p>O Brasil corre o risco de ficar no \u201cfim da fila\u201d para receber uma eventual vacina para a Covid-19, diz o Valor Econ\u00f4mico. \u201cPor causa&hellip; <\/p>\n","protected":false},"author":2,"featured_media":163200,"comment_status":"closed","ping_status":"closed","sticky":false,"template":"","format":"standard","meta":{"sfsi_plus_gutenberg_text_before_share":"","sfsi_plus_gutenberg_show_text_before_share":"","sfsi_plus_gutenberg_icon_type":"","sfsi_plus_gutenberg_icon_alignemt":"","sfsi_plus_gutenburg_max_per_row":"","footnotes":""},"categories":[16],"tags":[],"class_list":["post-170150","post","type-post","status-publish","format-standard","has-post-thumbnail","hentry","category-saude"],"_links":{"self":[{"href":"https:\/\/www.caririemacao.com\/1\/wp-json\/wp\/v2\/posts\/170150","targetHints":{"allow":["GET"]}}],"collection":[{"href":"https:\/\/www.caririemacao.com\/1\/wp-json\/wp\/v2\/posts"}],"about":[{"href":"https:\/\/www.caririemacao.com\/1\/wp-json\/wp\/v2\/types\/post"}],"author":[{"embeddable":true,"href":"https:\/\/www.caririemacao.com\/1\/wp-json\/wp\/v2\/users\/2"}],"replies":[{"embeddable":true,"href":"https:\/\/www.caririemacao.com\/1\/wp-json\/wp\/v2\/comments?post=170150"}],"version-history":[{"count":1,"href":"https:\/\/www.caririemacao.com\/1\/wp-json\/wp\/v2\/posts\/170150\/revisions"}],"predecessor-version":[{"id":170151,"href":"https:\/\/www.caririemacao.com\/1\/wp-json\/wp\/v2\/posts\/170150\/revisions\/170151"}],"wp:featuredmedia":[{"embeddable":true,"href":"https:\/\/www.caririemacao.com\/1\/wp-json\/wp\/v2\/media\/163200"}],"wp:attachment":[{"href":"https:\/\/www.caririemacao.com\/1\/wp-json\/wp\/v2\/media?parent=170150"}],"wp:term":[{"taxonomy":"category","embeddable":true,"href":"https:\/\/www.caririemacao.com\/1\/wp-json\/wp\/v2\/categories?post=170150"},{"taxonomy":"post_tag","embeddable":true,"href":"https:\/\/www.caririemacao.com\/1\/wp-json\/wp\/v2\/tags?post=170150"}],"curies":[{"name":"wp","href":"https:\/\/api.w.org\/{rel}","templated":true}]}}