{"id":170153,"date":"2020-05-18T14:24:31","date_gmt":"2020-05-18T17:24:31","guid":{"rendered":"https:\/\/www.caririemacao.com\/1\/?p=170153"},"modified":"2020-05-18T14:24:31","modified_gmt":"2020-05-18T17:24:31","slug":"maioria-da-populacao-nao-tem-anticorpos-contra-covid-19","status":"publish","type":"post","link":"https:\/\/www.caririemacao.com\/1\/2020\/05\/18\/maioria-da-populacao-nao-tem-anticorpos-contra-covid-19\/","title":{"rendered":"Maioria da popula\u00e7\u00e3o n\u00e3o tem anticorpos contra covid-19"},"content":{"rendered":"\n<p>Tedros Adhanom, diretor-geral da Organiza\u00e7\u00e3o Mundial de Sa\u00fade (OMS), afirmou hoje (18) que estudos recentes mostram que, mesmo nas regi\u00f5es mais afetadas pelo novo coronav\u00edrus, a propor\u00e7\u00e3o da popula\u00e7\u00e3o com anticorpos n\u00e3o supera os 20%. E na maior parte dos lugares est\u00e1 em menos de 10%. &#8220;Em outras palavras, a maioria da popula\u00e7\u00e3o do mundo segue em uma situa\u00e7\u00e3o de suscetibilidade em rela\u00e7\u00e3o ao v\u00edrus. O risco segue&nbsp; elevado e ainda nos resta um longo caminho a percorrer&#8221;.<\/p>\n\n\n\n<p>As declara\u00e7\u00f5es de Adhanom foram feitas durante a abertura da 73\u00aa Assembleia Mundial da Sa\u00fade (World Health Assembly &#8211; WHA, sigla em ingl\u00eas), evento anual que acontece sempre em maio, em Genebra, na Su\u00ed\u00e7a.<\/p>\n\n\n\n<p>&#8220;Como se pratica o distanciamento social quando se vive em lares superlotados? Como algu\u00e9m fica em casa quando tem que trabalhar para dar de comer a sua fam\u00edlia? Como fazer a higiene das m\u00e3os quando n\u00e3o se tem \u00e1gua limpa?&#8221;, questiona Adhanom. Para ele, alguns pa\u00edses est\u00e3o tendo sucesso ao evitar a transmiss\u00e3o comunit\u00e1ria disseminada, enquanto outros ainda est\u00e3o atravessando sua pior fase e, ainda, h\u00e1 os que estejam avaliando como flexibilizar as restri\u00e7\u00f5es para retomar atividades sociais e econ\u00f4micas.<\/p>\n\n\n\n<p>Segundo Adhanom, a OMS compreende plenamente e respeita o desejo dos pa\u00edses de retomar as atividades, mas alerta que &#8220;\u00e9 precisamente porque queremos a recupera\u00e7\u00e3o mundial mais r\u00e1pida poss\u00edvel, que instamos os pa\u00edses que sejam cautelosos. Pa\u00edses que avan\u00e7am com muita rapidez, sem ter estabelecido uma base s\u00f3lida de sa\u00fade p\u00fablica adequada para detectar e suprir a transmiss\u00e3o, correm um s\u00e9rio risco de afetar a sua pr\u00f3pria recupera\u00e7\u00e3o&#8221;.<\/p>\n\n\n\n<p>Adhanom recorda que, h\u00e1 seis meses, era inimagin\u00e1vel pensar que as grandes cidades estariam paradas e que simplesmente dar a m\u00e3o para algu\u00e9m fosse uma amea\u00e7a \u00e0 vida. No entanto, em menos de seis meses a pandemia deu a volta ao mundo, afetando pa\u00edses grandes e pequenos, ricos e pobres.<\/p>\n\n\n\n<p>&#8220;Bilh\u00f5es de pessoas perderam o emprego. H\u00e1 muito temor e incertezas. A economia mundial est\u00e1 sofrendo a pior contra\u00e7\u00e3o desde a Grande Depress\u00e3o. A pandemia exp\u00f5e quais s\u00e3o os defeitos, as desigualdades, as injusti\u00e7as e as contradi\u00e7\u00f5es do nosso mundo moderno, destacando nossos pontos fortes e nossos pontos fracos. Apesar do poderio econ\u00f4mico, militar e tecnol\u00f3gico de muitas na\u00e7\u00f5es, este min\u00fasculo v\u00edrus est\u00e1 nos dando uma li\u00e7\u00e3o de humildade. O&nbsp; mundo n\u00e3o vai ser o mesmo. Todos sabemos que temos que fazer todo o poss\u00edvel para evitar que essa experi\u00eancia se repita. Nosso maior fracasso seria n\u00e3o aprender com as li\u00e7\u00f5es que essa pandemia nos deixou&#8221;, afirmou o diretor-geral da OMS.<\/p>\n\n\n\n<p>Em rela\u00e7\u00e3o aos desafios impostos aos pa\u00edses pela dissemina\u00e7\u00e3o da covid-19, Adhanom afirma que a OMS, desde o primeiro momento, alertou o mundo sobre a gravidade da doen\u00e7a.<\/p>\n\n\n\n<p>&#8220;Demos o alerta, voltamos a dar em repetidas situa\u00e7\u00f5es, notificamos os pa\u00edses, emitimos orienta\u00e7\u00f5es para os profissionais de sa\u00fade e, em dez dias, declaramos uma emerg\u00eancia sanit\u00e1ria, que \u00e9 o nosso n\u00edvel m\u00e1ximo de alerta, em 30 de janeiro. Naquele momento havia menos de 100 casos e nenhuma morte na China. Oferecemos diretrizes t\u00e9cnicas, assessoramento estrat\u00e9gico, sustentando a todo o momento a nossa experi\u00eancia com fundamentos cient\u00edficos. Apoiamos os pa\u00edses para que pudessem se adaptar e aplicar essas diretrizes. Enviamos material para diagn\u00f3sticos, EPI&#8217;s (equipamentos de prote\u00e7\u00e3o individual), oxig\u00eanio e material m\u00e9dico a mais de 120 pa\u00edses. Formamos 12,6 milh\u00f5es de profissionais sanit\u00e1rios em 23 idiomas, pedimos acesso equitativo \u00e0s vacinas, \u00e0s provas de diagn\u00f3stico ou aos tratamentos terap\u00eauticos. Lutamos contra as&nbsp;<em>fake news<\/em>&nbsp;e divulgamos informa\u00e7\u00e3o confi\u00e1vel&#8221;, disse Adhanom.<\/p>\n\n\n\n<p>O diretor-geral da OMS afirma que a pandemia demonstrou que se a humanidade quer que haja desenvolvimento, \u00e9 necess\u00e1rio investir em sa\u00fade. E que a sa\u00fade n\u00e3o \u00e9 nenhum luxo, nem recompensa, nem custo. \u00c9 uma necessidade, um investimento. &#8220;\u00c9 o caminho para a seguran\u00e7a, a prosperidade e a paz&#8221;.<\/p>\n\n\n\n<p>Al\u00e9m do pronunciamento de Adhanom, durante a reuni\u00e3o, que este ano aconteceu virtualmente, foram escolhidos presidente e cinco vice-presidentes para a pr\u00f3xima gest\u00e3o. Como presidente foi eleita Keva Bain, representante permanente das Bahamas nas Na\u00e7\u00f5es Unidas. A 72\u00aa gest\u00e3o, encerrada hoje, foi exercida pela China. Devido \u00e0 pandemia, a reuni\u00e3o deste ano, que acontece entre hoje e amanh\u00e3 (19), teve a agenda reduzida e concentrada na abordagem ao novo coronav\u00edrus.<\/p>\n\n\n\n<p>Embora a OMS possa fazer recomenda\u00e7\u00f5es e sugerir cursos de a\u00e7\u00e3o, cabe a cada governo determinar sua resposta e agir de acordo com ela. O secretariado da OMS n\u00e3o tem o poder de executar nenhuma a\u00e7\u00e3o nos estados-membros.<\/p>\n\n\n\n<p>A Assembleia Mundial da Sa\u00fade \u00e9 o \u00f3rg\u00e3o de decis\u00e3o da OMS. Delega\u00e7\u00f5es de todos os 194 Estados-Membros da OMS participam da reuni\u00e3o. As principais fun\u00e7\u00f5es do \u00f3rg\u00e3o s\u00e3o determinar as pol\u00edticas da organiza\u00e7\u00e3o, nomear o diretor-geral, supervisionar as pol\u00edticas financeiras e revisar e aprovar o or\u00e7amento do programa proposto.<\/p>\n","protected":false},"excerpt":{"rendered":"<p>Tedros Adhanom, diretor-geral da Organiza\u00e7\u00e3o Mundial de Sa\u00fade (OMS), afirmou hoje (18) que estudos recentes mostram que, mesmo nas regi\u00f5es mais afetadas pelo novo coronav\u00edrus,&hellip; <\/p>\n","protected":false},"author":2,"featured_media":170154,"comment_status":"closed","ping_status":"closed","sticky":false,"template":"","format":"standard","meta":{"sfsi_plus_gutenberg_text_before_share":"","sfsi_plus_gutenberg_show_text_before_share":"","sfsi_plus_gutenberg_icon_type":"","sfsi_plus_gutenberg_icon_alignemt":"","sfsi_plus_gutenburg_max_per_row":"","footnotes":""},"categories":[2],"tags":[],"class_list":["post-170153","post","type-post","status-publish","format-standard","has-post-thumbnail","hentry","category-geral"],"_links":{"self":[{"href":"https:\/\/www.caririemacao.com\/1\/wp-json\/wp\/v2\/posts\/170153","targetHints":{"allow":["GET"]}}],"collection":[{"href":"https:\/\/www.caririemacao.com\/1\/wp-json\/wp\/v2\/posts"}],"about":[{"href":"https:\/\/www.caririemacao.com\/1\/wp-json\/wp\/v2\/types\/post"}],"author":[{"embeddable":true,"href":"https:\/\/www.caririemacao.com\/1\/wp-json\/wp\/v2\/users\/2"}],"replies":[{"embeddable":true,"href":"https:\/\/www.caririemacao.com\/1\/wp-json\/wp\/v2\/comments?post=170153"}],"version-history":[{"count":1,"href":"https:\/\/www.caririemacao.com\/1\/wp-json\/wp\/v2\/posts\/170153\/revisions"}],"predecessor-version":[{"id":170155,"href":"https:\/\/www.caririemacao.com\/1\/wp-json\/wp\/v2\/posts\/170153\/revisions\/170155"}],"wp:featuredmedia":[{"embeddable":true,"href":"https:\/\/www.caririemacao.com\/1\/wp-json\/wp\/v2\/media\/170154"}],"wp:attachment":[{"href":"https:\/\/www.caririemacao.com\/1\/wp-json\/wp\/v2\/media?parent=170153"}],"wp:term":[{"taxonomy":"category","embeddable":true,"href":"https:\/\/www.caririemacao.com\/1\/wp-json\/wp\/v2\/categories?post=170153"},{"taxonomy":"post_tag","embeddable":true,"href":"https:\/\/www.caririemacao.com\/1\/wp-json\/wp\/v2\/tags?post=170153"}],"curies":[{"name":"wp","href":"https:\/\/api.w.org\/{rel}","templated":true}]}}