{"id":170157,"date":"2020-05-18T14:49:12","date_gmt":"2020-05-18T17:49:12","guid":{"rendered":"https:\/\/www.caririemacao.com\/1\/?p=170157"},"modified":"2020-05-18T14:49:12","modified_gmt":"2020-05-18T17:49:12","slug":"policia-militar-apreende-arma-de-fogo-em-sume","status":"publish","type":"post","link":"https:\/\/www.caririemacao.com\/1\/2020\/05\/18\/policia-militar-apreende-arma-de-fogo-em-sume\/","title":{"rendered":"Pol\u00edcia Militar apreende arma de fogo em Sum\u00e9"},"content":{"rendered":"\n<p>Por volta das 08h40m desta segunda-feira (18) o COPOM recebeu uma den\u00fancia de que um homem portando uma arma de fogo, estaria com amea\u00e7as na frente da resid\u00eancia de uma v\u00edtima no S\u00edtio Retiro em Sum\u00e9.<\/p>\n\n\n\n<p>Policiais do 11\u00ba Batalh\u00e3o foram at\u00e9 o local e encontraram o acusado de 33 anos de idade, na ocorr\u00eancia foram apreendidos uma moto Honda CG 125, cor vermelha, com numera\u00e7\u00e3o do chassi pinada, sem placa, sem numera\u00e7\u00e3o do motor e duas espingardas de ante-carga.<\/p>\n\n\n\n<p>O acusado e os materiais apreendidos foram encaminhados para a Delegacia de Pol\u00edcia Civil, para os procedimentos.<\/p>\n\n\n\n<p>Participaram da opera\u00e7\u00e3o o Cb almiberto e o SD L Silva (VTR 7091) e CB Siqueira e o Cb Neto na Vtr 7658, ambos da 2\u00aa Cia em Sum\u00e9.<\/p>\n","protected":false},"excerpt":{"rendered":"<p>Por volta das 08h40m desta segunda-feira (18) o COPOM recebeu uma den\u00fancia de que um homem portando uma arma de fogo, estaria com amea\u00e7as na&hellip; <\/p>\n","protected":false},"author":1,"featured_media":170158,"comment_status":"closed","ping_status":"closed","sticky":false,"template":"","format":"standard","meta":{"sfsi_plus_gutenberg_text_before_share":"","sfsi_plus_gutenberg_show_text_before_share":"","sfsi_plus_gutenberg_icon_type":"","sfsi_plus_gutenberg_icon_alignemt":"","sfsi_plus_gutenburg_max_per_row":"","footnotes":""},"categories":[50,12],"tags":[],"class_list":["post-170157","post","type-post","status-publish","format-standard","has-post-thumbnail","hentry","category-destaque","category-policia"],"_links":{"self":[{"href":"https:\/\/www.caririemacao.com\/1\/wp-json\/wp\/v2\/posts\/170157","targetHints":{"allow":["GET"]}}],"collection":[{"href":"https:\/\/www.caririemacao.com\/1\/wp-json\/wp\/v2\/posts"}],"about":[{"href":"https:\/\/www.caririemacao.com\/1\/wp-json\/wp\/v2\/types\/post"}],"author":[{"embeddable":true,"href":"https:\/\/www.caririemacao.com\/1\/wp-json\/wp\/v2\/users\/1"}],"replies":[{"embeddable":true,"href":"https:\/\/www.caririemacao.com\/1\/wp-json\/wp\/v2\/comments?post=170157"}],"version-history":[{"count":1,"href":"https:\/\/www.caririemacao.com\/1\/wp-json\/wp\/v2\/posts\/170157\/revisions"}],"predecessor-version":[{"id":170159,"href":"https:\/\/www.caririemacao.com\/1\/wp-json\/wp\/v2\/posts\/170157\/revisions\/170159"}],"wp:featuredmedia":[{"embeddable":true,"href":"https:\/\/www.caririemacao.com\/1\/wp-json\/wp\/v2\/media\/170158"}],"wp:attachment":[{"href":"https:\/\/www.caririemacao.com\/1\/wp-json\/wp\/v2\/media?parent=170157"}],"wp:term":[{"taxonomy":"category","embeddable":true,"href":"https:\/\/www.caririemacao.com\/1\/wp-json\/wp\/v2\/categories?post=170157"},{"taxonomy":"post_tag","embeddable":true,"href":"https:\/\/www.caririemacao.com\/1\/wp-json\/wp\/v2\/tags?post=170157"}],"curies":[{"name":"wp","href":"https:\/\/api.w.org\/{rel}","templated":true}]}}