{"id":170161,"date":"2020-05-18T15:02:07","date_gmt":"2020-05-18T18:02:07","guid":{"rendered":"https:\/\/www.caririemacao.com\/1\/?p=170161"},"modified":"2020-05-18T15:11:21","modified_gmt":"2020-05-18T18:11:21","slug":"municipio-da-prata-confirma-primeiro-caso-de-covid-19","status":"publish","type":"post","link":"https:\/\/www.caririemacao.com\/1\/2020\/05\/18\/municipio-da-prata-confirma-primeiro-caso-de-covid-19\/","title":{"rendered":"Munic\u00edpio da Prata confirma primeiro caso de Covid-19"},"content":{"rendered":"\n<p>&nbsp;No in\u00edcio da tarde desta segunda-feira(18) a Prefeitura da Prata atrav\u00e9s da Secretaria Municipal de Sa\u00fade divulgou o mais novo boletim epidemiol\u00f3gico, na qual foi registrado o primeiro caso de Covid-19 (novo coronav\u00edrus) no munic\u00edpio.<\/p>\n\n\n\n<p>A unidade de sa\u00fade local esteve realizando 5 testes r\u00e1pidos nesta segunda-feira, onde 4 pacientes testaram negativo para o novo v\u00edrus, mas uma paciente do sexo feminino, de 60 anos de idade, que \u00e9 natural de Joinville, Santa Catarina, testou positivo.<\/p>\n\n\n\n<p>A reportagem entrou em contato com a secret\u00e1ria de Sa\u00fade da Prata, Maria Aparecida N\u00f3brega, e a profissional relatou que a paciente n\u00e3o reside no munic\u00edpio, apenas tem familiares e que estava de visita em Prata.<\/p>\n\n\n\n<p>Desde que a viajante chegou ao munic\u00edpio, a secretaria de sa\u00fade estava monitorando e ap\u00f3s alguns dias a paciente apresentou alguns sintomas leves da doen\u00e7a. Ela foi examinada e veio a testar positivo para o coronav\u00edrus.<\/p>\n\n\n\n<p>A secret\u00e1ria ainda relatou que o caso foi divulgado em boletim local mas como a paciente pertence a outro Estado n\u00e3o ir\u00e1 ser divulgado como caso oriundo da cidade da Prata.<\/p>\n\n\n\n<p>Al\u00e9m da paciente, os seus familiares foram testados e felizmente todos testaram negativo para a Covid-19.<\/p>\n\n\n\n<div class=\"wp-block-image\"><figure class=\"aligncenter\"><img decoding=\"async\" data-src=\"http:\/\/deolhonocariri.com.br\/wp-content\/uploads\/2020\/05\/98830043_2740338039527257_2169928597333082112_n.jpg\" alt=\"\" class=\"wp-image-82572 lazyload\" src=\"data:image\/svg+xml;base64,PHN2ZyB3aWR0aD0iMSIgaGVpZ2h0PSIxIiB4bWxucz0iaHR0cDovL3d3dy53My5vcmcvMjAwMC9zdmciPjwvc3ZnPg==\" \/><\/figure><\/div>\n\n\n\n<p><br><strong>De Olho no Cariri<\/strong><\/p>\n","protected":false},"excerpt":{"rendered":"<p>&nbsp;No in\u00edcio da tarde desta segunda-feira(18) a Prefeitura da Prata atrav\u00e9s da Secretaria Municipal de Sa\u00fade divulgou o mais novo boletim epidemiol\u00f3gico, na qual foi&hellip; <\/p>\n","protected":false},"author":2,"featured_media":170162,"comment_status":"closed","ping_status":"closed","sticky":false,"template":"","format":"standard","meta":{"sfsi_plus_gutenberg_text_before_share":"","sfsi_plus_gutenberg_show_text_before_share":"","sfsi_plus_gutenberg_icon_type":"","sfsi_plus_gutenberg_icon_alignemt":"","sfsi_plus_gutenburg_max_per_row":"","footnotes":""},"categories":[2],"tags":[],"class_list":["post-170161","post","type-post","status-publish","format-standard","has-post-thumbnail","hentry","category-geral"],"_links":{"self":[{"href":"https:\/\/www.caririemacao.com\/1\/wp-json\/wp\/v2\/posts\/170161","targetHints":{"allow":["GET"]}}],"collection":[{"href":"https:\/\/www.caririemacao.com\/1\/wp-json\/wp\/v2\/posts"}],"about":[{"href":"https:\/\/www.caririemacao.com\/1\/wp-json\/wp\/v2\/types\/post"}],"author":[{"embeddable":true,"href":"https:\/\/www.caririemacao.com\/1\/wp-json\/wp\/v2\/users\/2"}],"replies":[{"embeddable":true,"href":"https:\/\/www.caririemacao.com\/1\/wp-json\/wp\/v2\/comments?post=170161"}],"version-history":[{"count":2,"href":"https:\/\/www.caririemacao.com\/1\/wp-json\/wp\/v2\/posts\/170161\/revisions"}],"predecessor-version":[{"id":170165,"href":"https:\/\/www.caririemacao.com\/1\/wp-json\/wp\/v2\/posts\/170161\/revisions\/170165"}],"wp:featuredmedia":[{"embeddable":true,"href":"https:\/\/www.caririemacao.com\/1\/wp-json\/wp\/v2\/media\/170162"}],"wp:attachment":[{"href":"https:\/\/www.caririemacao.com\/1\/wp-json\/wp\/v2\/media?parent=170161"}],"wp:term":[{"taxonomy":"category","embeddable":true,"href":"https:\/\/www.caririemacao.com\/1\/wp-json\/wp\/v2\/categories?post=170161"},{"taxonomy":"post_tag","embeddable":true,"href":"https:\/\/www.caririemacao.com\/1\/wp-json\/wp\/v2\/tags?post=170161"}],"curies":[{"name":"wp","href":"https:\/\/api.w.org\/{rel}","templated":true}]}}