{"id":170166,"date":"2020-05-18T15:14:23","date_gmt":"2020-05-18T18:14:23","guid":{"rendered":"https:\/\/www.caririemacao.com\/1\/?p=170166"},"modified":"2020-05-18T15:14:23","modified_gmt":"2020-05-18T18:14:23","slug":"prefeitura-de-sume-monta-pontos-de-apoio-para-ajudar-populacao-na-prevencao-ao-coronavirus","status":"publish","type":"post","link":"https:\/\/www.caririemacao.com\/1\/2020\/05\/18\/prefeitura-de-sume-monta-pontos-de-apoio-para-ajudar-populacao-na-prevencao-ao-coronavirus\/","title":{"rendered":"Prefeitura de Sum\u00e9 monta pontos de apoio para ajudar popula\u00e7\u00e3o na preven\u00e7\u00e3o ao coronav\u00edrus"},"content":{"rendered":"\n<h1 class=\"wp-block-heading\"><\/h1>\n\n\n\n<p>Maio<a rel=\"noreferrer noopener\" href=\"\/\/send?text=Prefeitura%20de%20Sum%C3%A9%20monta%20pontos%20de%20apoio%20para%20ajudar%20popula%C3%A7%C3%A3o%20na%20preven%C3%A7%C3%A3o%20ao%20coronav%C3%ADrus%20%E2%98%9B%20https%3A%2F%2Fwww.sume.pb.gov.br%2F2020%2F05%2Fprefeitura-de-sume-monta-pontos-de-apoio-para-ajudar-populacao-na-prevencao-ao-coronavirus%2F\" target=\"_blank\"><\/a><\/p>\n\n\n\n<figure class=\"wp-block-image\"><a href=\"https:\/\/www.sume.pb.gov.br\/wp-content\/uploads\/2020\/05\/3e9f44f4-2441-4663-b5e6-c06e24460bea.jpg\"><img decoding=\"async\" data-src=\"https:\/\/www.sume.pb.gov.br\/wp-content\/uploads\/2020\/05\/3e9f44f4-2441-4663-b5e6-c06e24460bea-300x225.jpg\" alt=\"\" src=\"data:image\/svg+xml;base64,PHN2ZyB3aWR0aD0iMSIgaGVpZ2h0PSIxIiB4bWxucz0iaHR0cDovL3d3dy53My5vcmcvMjAwMC9zdmciPjwvc3ZnPg==\" class=\"lazyload\" style=\"--smush-placeholder-width: 300px; --smush-placeholder-aspect-ratio: 300\/225;\" \/><\/a><\/figure>\n\n\n\n<figure class=\"wp-block-image\"><a href=\"https:\/\/www.sume.pb.gov.br\/wp-content\/uploads\/2020\/05\/3b91cd89-0ac3-47f1-b6da-5f3e6f058fa3.jpg\"><img decoding=\"async\" data-src=\"https:\/\/www.sume.pb.gov.br\/wp-content\/uploads\/2020\/05\/3b91cd89-0ac3-47f1-b6da-5f3e6f058fa3-300x225.jpg\" alt=\"\" src=\"data:image\/svg+xml;base64,PHN2ZyB3aWR0aD0iMSIgaGVpZ2h0PSIxIiB4bWxucz0iaHR0cDovL3d3dy53My5vcmcvMjAwMC9zdmciPjwvc3ZnPg==\" class=\"lazyload\" style=\"--smush-placeholder-width: 300px; --smush-placeholder-aspect-ratio: 300\/225;\" \/><\/a><\/figure>\n\n\n\n<figure class=\"wp-block-image\"><a href=\"https:\/\/www.sume.pb.gov.br\/wp-content\/uploads\/2020\/05\/2e9d0eb0-b30c-47c8-84ae-873c578f69a9.jpg\"><img decoding=\"async\" data-src=\"https:\/\/www.sume.pb.gov.br\/wp-content\/uploads\/2020\/05\/2e9d0eb0-b30c-47c8-84ae-873c578f69a9-300x225.jpg\" alt=\"\" src=\"data:image\/svg+xml;base64,PHN2ZyB3aWR0aD0iMSIgaGVpZ2h0PSIxIiB4bWxucz0iaHR0cDovL3d3dy53My5vcmcvMjAwMC9zdmciPjwvc3ZnPg==\" class=\"lazyload\" style=\"--smush-placeholder-width: 300px; --smush-placeholder-aspect-ratio: 300\/225;\" \/><\/a><\/figure>\n\n\n\n<p>Nesta segunda-feira (18), a Secretaria de Sa\u00fade de Sum\u00e9 montou pontos estrat\u00e9gicos de apoio, no Centro da cidade, com o objetivo de orientar a popula\u00e7\u00e3o sobre os cuidados relacionados ao coronav\u00edrus.<\/p>\n\n\n\n<p>As equipes da Vigil\u00e2ncia Epidemiol\u00f3gica e os agentes de combate \u00e0s endemias disponibilizaram \u00e1lcool em gel 70% para a popula\u00e7\u00e3o higienizar as m\u00e3os e ainda distribu\u00edram m\u00e1scaras.<\/p>\n\n\n\n<p>Tamb\u00e9m foram demarcados pisos nas cal\u00e7adas de bancos e correspondentes banc\u00e1rios para delimitar o distanciamento entre cada pessoa que estiver na fila destes estabelecimentos.<\/p>\n\n\n\n<figure class=\"wp-block-image\"><a href=\"https:\/\/www.sume.pb.gov.br\/wp-content\/uploads\/2020\/05\/268feccb-36ac-4236-84af-58f1dd7bd9a6-1.jpg\"><img decoding=\"async\" data-src=\"https:\/\/www.sume.pb.gov.br\/wp-content\/uploads\/2020\/05\/268feccb-36ac-4236-84af-58f1dd7bd9a6-1-300x225.jpg\" alt=\"\" src=\"data:image\/svg+xml;base64,PHN2ZyB3aWR0aD0iMSIgaGVpZ2h0PSIxIiB4bWxucz0iaHR0cDovL3d3dy53My5vcmcvMjAwMC9zdmciPjwvc3ZnPg==\" class=\"lazyload\" style=\"--smush-placeholder-width: 300px; --smush-placeholder-aspect-ratio: 300\/225;\" \/><\/a><\/figure>\n\n\n\n<figure class=\"wp-block-image\"><a href=\"https:\/\/www.sume.pb.gov.br\/wp-content\/uploads\/2020\/05\/d41a4f05-cd2b-4fce-bca2-6d162e48c1b7-1.jpg\"><img decoding=\"async\" data-src=\"https:\/\/www.sume.pb.gov.br\/wp-content\/uploads\/2020\/05\/d41a4f05-cd2b-4fce-bca2-6d162e48c1b7-1-300x225.jpg\" alt=\"\" src=\"data:image\/svg+xml;base64,PHN2ZyB3aWR0aD0iMSIgaGVpZ2h0PSIxIiB4bWxucz0iaHR0cDovL3d3dy53My5vcmcvMjAwMC9zdmciPjwvc3ZnPg==\" class=\"lazyload\" style=\"--smush-placeholder-width: 300px; --smush-placeholder-aspect-ratio: 300\/225;\" \/><\/a><\/figure>\n\n\n\n<figure class=\"wp-block-image\"><a href=\"https:\/\/www.sume.pb.gov.br\/wp-content\/uploads\/2020\/05\/ff42dda4-b603-4278-be58-aa343875fb41-1.jpg\"><img decoding=\"async\" data-src=\"https:\/\/www.sume.pb.gov.br\/wp-content\/uploads\/2020\/05\/ff42dda4-b603-4278-be58-aa343875fb41-1-300x225.jpg\" alt=\"\" src=\"data:image\/svg+xml;base64,PHN2ZyB3aWR0aD0iMSIgaGVpZ2h0PSIxIiB4bWxucz0iaHR0cDovL3d3dy53My5vcmcvMjAwMC9zdmciPjwvc3ZnPg==\" class=\"lazyload\" style=\"--smush-placeholder-width: 300px; --smush-placeholder-aspect-ratio: 300\/225;\" \/><\/a><\/figure>\n\n\n\n<p>Durante a a\u00e7\u00e3o, as equipes realizaram ainda o trabalho educativo, explicando \u00e0 popula\u00e7\u00e3o a import\u00e2ncia do uso dos equipamentos de seguran\u00e7a e do distanciamento social.<\/p>\n\n\n\n<p>A Prefeitura de Sum\u00e9 est\u00e1 intensificando as a\u00e7\u00f5es em v\u00e1rias frentes, a exemplo da instala\u00e7\u00e3o de lavat\u00f3rios de m\u00e3os em pontos p\u00fablicos, organiza\u00e7\u00e3o de filas em bancos e correspondentes banc\u00e1rios, distribui\u00e7\u00e3o de m\u00e1scaras junto \u00e0 popula\u00e7\u00e3o, campanhas educativas, fiscaliza\u00e7\u00e3o em diversos estabelecimentos, orienta\u00e7\u00e3o para seguir a quarentena a quem chega de viagem, recomenda\u00e7\u00f5es para vel\u00f3rios e sepultamentos, entre outras a\u00e7\u00f5es.<\/p>\n","protected":false},"excerpt":{"rendered":"<p>Maio Nesta segunda-feira (18), a Secretaria de Sa\u00fade de Sum\u00e9 montou pontos estrat\u00e9gicos de apoio, no Centro da cidade, com o objetivo de orientar a&hellip; <\/p>\n","protected":false},"author":2,"featured_media":169955,"comment_status":"closed","ping_status":"closed","sticky":false,"template":"","format":"standard","meta":{"sfsi_plus_gutenberg_text_before_share":"","sfsi_plus_gutenberg_show_text_before_share":"","sfsi_plus_gutenberg_icon_type":"","sfsi_plus_gutenberg_icon_alignemt":"","sfsi_plus_gutenburg_max_per_row":"","footnotes":""},"categories":[2],"tags":[],"class_list":["post-170166","post","type-post","status-publish","format-standard","has-post-thumbnail","hentry","category-geral"],"_links":{"self":[{"href":"https:\/\/www.caririemacao.com\/1\/wp-json\/wp\/v2\/posts\/170166","targetHints":{"allow":["GET"]}}],"collection":[{"href":"https:\/\/www.caririemacao.com\/1\/wp-json\/wp\/v2\/posts"}],"about":[{"href":"https:\/\/www.caririemacao.com\/1\/wp-json\/wp\/v2\/types\/post"}],"author":[{"embeddable":true,"href":"https:\/\/www.caririemacao.com\/1\/wp-json\/wp\/v2\/users\/2"}],"replies":[{"embeddable":true,"href":"https:\/\/www.caririemacao.com\/1\/wp-json\/wp\/v2\/comments?post=170166"}],"version-history":[{"count":1,"href":"https:\/\/www.caririemacao.com\/1\/wp-json\/wp\/v2\/posts\/170166\/revisions"}],"predecessor-version":[{"id":170167,"href":"https:\/\/www.caririemacao.com\/1\/wp-json\/wp\/v2\/posts\/170166\/revisions\/170167"}],"wp:featuredmedia":[{"embeddable":true,"href":"https:\/\/www.caririemacao.com\/1\/wp-json\/wp\/v2\/media\/169955"}],"wp:attachment":[{"href":"https:\/\/www.caririemacao.com\/1\/wp-json\/wp\/v2\/media?parent=170166"}],"wp:term":[{"taxonomy":"category","embeddable":true,"href":"https:\/\/www.caririemacao.com\/1\/wp-json\/wp\/v2\/categories?post=170166"},{"taxonomy":"post_tag","embeddable":true,"href":"https:\/\/www.caririemacao.com\/1\/wp-json\/wp\/v2\/tags?post=170166"}],"curies":[{"name":"wp","href":"https:\/\/api.w.org\/{rel}","templated":true}]}}