{"id":170169,"date":"2020-05-18T15:51:23","date_gmt":"2020-05-18T18:51:23","guid":{"rendered":"https:\/\/www.caririemacao.com\/1\/?p=170169"},"modified":"2020-05-18T15:51:23","modified_gmt":"2020-05-18T18:51:23","slug":"amparo-confirma-cinco-novos-casos-de-covid-19-e-municipio-passa-a-contabilizar-10-casos-da-doenca","status":"publish","type":"post","link":"https:\/\/www.caririemacao.com\/1\/2020\/05\/18\/amparo-confirma-cinco-novos-casos-de-covid-19-e-municipio-passa-a-contabilizar-10-casos-da-doenca\/","title":{"rendered":"Amparo confirma cinco novos casos de Covid-19 e munic\u00edpio passa a contabilizar 10 casos da doen\u00e7a"},"content":{"rendered":"\n<h1 class=\"wp-block-heading\"><\/h1>\n\n\n\n<p>A Prefeitura de Amparo atrav\u00e9s da Secretaria Municipal de Sa\u00fade divulgou tamb\u00e9m no in\u00edcio da tarde desta segunda-feira(18) o seu mais mais novo boletim epid\u00eamico na qual foram registrados mais cinco casos confirmados de Covid-19 no munic\u00edpio.<\/p>\n\n\n\n<p>Os novos casos tamb\u00e9m se deram atrav\u00e9s de testes r\u00e1pidos e o munic\u00edpio passa a contabilizar 10 casos confirmados da doen\u00e7a.<\/p>\n\n\n\n<p>A unidade municipal de sa\u00fade informa que os pacientes j\u00e1 encontram-se em isolamento domiciliar e est\u00e3o sendo orientados e acompanhados pela Secretaria de Sa\u00fade.<\/p>\n\n\n\n<p><strong>Confira a nota da Secretaria de Sa\u00fade:<\/strong><\/p>\n\n\n\n<p>Boletim Epidemiol\u00f3gico<\/p>\n\n\n\n<p>18\/05\/2020, Amparo-PB<\/p>\n\n\n\n<p>A Secretaria de Sa\u00fade vem informar os novos 5 casos confirmado de COVID-19 no munic\u00edpio.<\/p>\n\n\n\n<p>Dados dos pacientes positivados:<\/p>\n\n\n\n<p><em>Sexo Feminino, 41 anos, residente no munic\u00edpio, apresentou sintomas gripais no final do m\u00eas de Abril, testou positivo atrav\u00e9s da testagem r\u00e1pida. A paciente encontra-se em isolamento domiciliar e monitorado pela secretaria de sa\u00fade.<\/em><\/p>\n\n\n\n<p><em>Sexo Feminino, 34 anos, residente no munic\u00edpio, apresentou sintomas gripais no final do m\u00eas de Abril, testou positivo atrav\u00e9s da testagem r\u00e1pida. A paciente encontra-se em isolamento domiciliar e monitorado pela secretaria de sa\u00fade.<\/em><\/p>\n\n\n\n<p><em>Sexo Feminino, 54 anos, residente no munic\u00edpio, apresentou sintomas gripais nos primeiros dias de maio, testou positivo atrav\u00e9s da testagem r\u00e1pida. A paciente encontra-se em isolamento domiciliar e monitorado pela secretaria de sa\u00fade.<\/em><\/p>\n\n\n\n<p><em>Sexo Feminino, 29 anos, residente no munic\u00edpio, apresentou sintomas gripais nos primeiros dias de Maio, e testou positivo atrav\u00e9s da testagem r\u00e1pida. A paciente encontra-se em isolamento domiciliar e monitorado pela secretaria de sa\u00fade.<\/em><\/p>\n\n\n\n<p><em>Sexo Masculino, 58 anos, residente no munic\u00edpio, apresentou sintomas gripais nos primeiros dias de Maio, testou positivo atrav\u00e9s da testagem r\u00e1pida. O paciente encontra-se em isolamento domiciliar e monitorado pela secretaria de sa\u00fade.<\/em><\/p>\n\n\n\n<p>Mais dois pacientes est\u00e3o recuperados, Segundo o Minist\u00e9rio da Sa\u00fade, perante diretrizes da Organiza\u00e7\u00e3o Mundial de Sa\u00fade (OMS) e conforme experi\u00eancia e evid\u00eancias provenientes de outros pa\u00edses. Apresentaram em todo o percurso da doen\u00e7a a sintomatologia leve, n\u00e3o necessitando de leito de enfermagem ou tratamento em UTI.<\/p>\n\n\n\n<p>A Secretaria de sa\u00fade refor\u00e7a a import\u00e2ncia do Isolamento Social, manter distanciamento, al\u00e9m de medidas gerais de preven\u00e7\u00e3o, como tamb\u00e9m uso obrigat\u00f3rio de m\u00e1scaras de acordo com Decreto Estadual e municipal.<\/p>\n\n\n\n<div class=\"wp-block-image\"><figure class=\"aligncenter\"><img decoding=\"async\" data-src=\"http:\/\/deolhonocariri.com.br\/wp-content\/uploads\/2020\/05\/98186327_295437264812492_18588575507415040_n.jpg\" alt=\"\" class=\"wp-image-82579 lazyload\" src=\"data:image\/svg+xml;base64,PHN2ZyB3aWR0aD0iMSIgaGVpZ2h0PSIxIiB4bWxucz0iaHR0cDovL3d3dy53My5vcmcvMjAwMC9zdmciPjwvc3ZnPg==\" \/><\/figure><\/div>\n","protected":false},"excerpt":{"rendered":"<p>A Prefeitura de Amparo atrav\u00e9s da Secretaria Municipal de Sa\u00fade divulgou tamb\u00e9m no in\u00edcio da tarde desta segunda-feira(18) o seu mais mais novo boletim epid\u00eamico&hellip; <\/p>\n","protected":false},"author":2,"featured_media":170170,"comment_status":"closed","ping_status":"closed","sticky":false,"template":"","format":"standard","meta":{"sfsi_plus_gutenberg_text_before_share":"","sfsi_plus_gutenberg_show_text_before_share":"","sfsi_plus_gutenberg_icon_type":"","sfsi_plus_gutenberg_icon_alignemt":"","sfsi_plus_gutenburg_max_per_row":"","footnotes":""},"categories":[50,2],"tags":[],"class_list":["post-170169","post","type-post","status-publish","format-standard","has-post-thumbnail","hentry","category-destaque","category-geral"],"_links":{"self":[{"href":"https:\/\/www.caririemacao.com\/1\/wp-json\/wp\/v2\/posts\/170169","targetHints":{"allow":["GET"]}}],"collection":[{"href":"https:\/\/www.caririemacao.com\/1\/wp-json\/wp\/v2\/posts"}],"about":[{"href":"https:\/\/www.caririemacao.com\/1\/wp-json\/wp\/v2\/types\/post"}],"author":[{"embeddable":true,"href":"https:\/\/www.caririemacao.com\/1\/wp-json\/wp\/v2\/users\/2"}],"replies":[{"embeddable":true,"href":"https:\/\/www.caririemacao.com\/1\/wp-json\/wp\/v2\/comments?post=170169"}],"version-history":[{"count":1,"href":"https:\/\/www.caririemacao.com\/1\/wp-json\/wp\/v2\/posts\/170169\/revisions"}],"predecessor-version":[{"id":170171,"href":"https:\/\/www.caririemacao.com\/1\/wp-json\/wp\/v2\/posts\/170169\/revisions\/170171"}],"wp:featuredmedia":[{"embeddable":true,"href":"https:\/\/www.caririemacao.com\/1\/wp-json\/wp\/v2\/media\/170170"}],"wp:attachment":[{"href":"https:\/\/www.caririemacao.com\/1\/wp-json\/wp\/v2\/media?parent=170169"}],"wp:term":[{"taxonomy":"category","embeddable":true,"href":"https:\/\/www.caririemacao.com\/1\/wp-json\/wp\/v2\/categories?post=170169"},{"taxonomy":"post_tag","embeddable":true,"href":"https:\/\/www.caririemacao.com\/1\/wp-json\/wp\/v2\/tags?post=170169"}],"curies":[{"name":"wp","href":"https:\/\/api.w.org\/{rel}","templated":true}]}}