{"id":170174,"date":"2020-05-18T16:16:26","date_gmt":"2020-05-18T19:16:26","guid":{"rendered":"https:\/\/www.caririemacao.com\/1\/?p=170174"},"modified":"2020-05-18T16:16:26","modified_gmt":"2020-05-18T19:16:26","slug":"policia-militar-apreende-arma-de-fogo-em-camalau","status":"publish","type":"post","link":"https:\/\/www.caririemacao.com\/1\/2020\/05\/18\/policia-militar-apreende-arma-de-fogo-em-camalau\/","title":{"rendered":"Pol\u00edcia Militar apreende arma de fogo em Camala\u00fa"},"content":{"rendered":"\n<p>Na noite desse domingo (17) foi registrada mais uma apreens\u00e3o de arma de fogo na regi\u00e3o do Cariri Paraibano. Em Camala\u00fa, a Pol\u00edcia Militar apreendeu uma espingarda Rossi calibre .36 que estava com um homem de 48 anos de idade.<\/p>\n\n\n\n<p>O fato ocorreu na Rua do teatro, Camala\u00fa, os policiais do 11\u00ba Batalh\u00e3o ao chegarem no local encontraram o acusado e duas v\u00edtimas de 27 e 29 anos em vias de fato, no local havia v\u00e1rios objetos quebrados na casa e uma arma de fogo ca\u00edda no ch\u00e3o, perto dos envolvidos, o acusado j\u00e1 havia efetuado um disparo no momento da confus\u00e3o. <\/p>\n\n\n\n<p>A arma encontrada, muni\u00e7\u00f5es, e o suspeito preso foram encaminhados para a Delegacia de Pol\u00edcia Civil.<\/p>\n","protected":false},"excerpt":{"rendered":"<p>Na noite desse domingo (17) foi registrada mais uma apreens\u00e3o de arma de fogo na regi\u00e3o do Cariri Paraibano. Em Camala\u00fa, a Pol\u00edcia Militar apreendeu&hellip; <\/p>\n","protected":false},"author":1,"featured_media":170175,"comment_status":"closed","ping_status":"closed","sticky":false,"template":"","format":"standard","meta":{"sfsi_plus_gutenberg_text_before_share":"","sfsi_plus_gutenberg_show_text_before_share":"","sfsi_plus_gutenberg_icon_type":"","sfsi_plus_gutenberg_icon_alignemt":"","sfsi_plus_gutenburg_max_per_row":"","footnotes":""},"categories":[50,12],"tags":[],"class_list":["post-170174","post","type-post","status-publish","format-standard","has-post-thumbnail","hentry","category-destaque","category-policia"],"_links":{"self":[{"href":"https:\/\/www.caririemacao.com\/1\/wp-json\/wp\/v2\/posts\/170174","targetHints":{"allow":["GET"]}}],"collection":[{"href":"https:\/\/www.caririemacao.com\/1\/wp-json\/wp\/v2\/posts"}],"about":[{"href":"https:\/\/www.caririemacao.com\/1\/wp-json\/wp\/v2\/types\/post"}],"author":[{"embeddable":true,"href":"https:\/\/www.caririemacao.com\/1\/wp-json\/wp\/v2\/users\/1"}],"replies":[{"embeddable":true,"href":"https:\/\/www.caririemacao.com\/1\/wp-json\/wp\/v2\/comments?post=170174"}],"version-history":[{"count":1,"href":"https:\/\/www.caririemacao.com\/1\/wp-json\/wp\/v2\/posts\/170174\/revisions"}],"predecessor-version":[{"id":170176,"href":"https:\/\/www.caririemacao.com\/1\/wp-json\/wp\/v2\/posts\/170174\/revisions\/170176"}],"wp:featuredmedia":[{"embeddable":true,"href":"https:\/\/www.caririemacao.com\/1\/wp-json\/wp\/v2\/media\/170175"}],"wp:attachment":[{"href":"https:\/\/www.caririemacao.com\/1\/wp-json\/wp\/v2\/media?parent=170174"}],"wp:term":[{"taxonomy":"category","embeddable":true,"href":"https:\/\/www.caririemacao.com\/1\/wp-json\/wp\/v2\/categories?post=170174"},{"taxonomy":"post_tag","embeddable":true,"href":"https:\/\/www.caririemacao.com\/1\/wp-json\/wp\/v2\/tags?post=170174"}],"curies":[{"name":"wp","href":"https:\/\/api.w.org\/{rel}","templated":true}]}}