{"id":170181,"date":"2020-05-18T19:36:56","date_gmt":"2020-05-18T22:36:56","guid":{"rendered":"https:\/\/www.caririemacao.com\/1\/?p=170181"},"modified":"2020-05-18T19:36:56","modified_gmt":"2020-05-18T22:36:56","slug":"urgente-sao-jose-dos-cordeiros-confirma-1-caso-de-covid-19","status":"publish","type":"post","link":"https:\/\/www.caririemacao.com\/1\/2020\/05\/18\/urgente-sao-jose-dos-cordeiros-confirma-1-caso-de-covid-19\/","title":{"rendered":"Urgente: S\u00e3o Jos\u00e9 dos Cordeiros confirma 1\u00b0 caso de Covid-19"},"content":{"rendered":"\n<p>A Secretaria de Sa\u00fade de S\u00e3o Jos\u00e9 dos Cordeiros confirmou no in\u00edcio da noite desta segunda-feira (18) o primeiro caso de Covid-19 no munic\u00edpio. Trata-se de uma paciente do sexo feminino, de 50 anos, residente na Zona Rural.<\/p>\n\n\n\n<p>Segundo a secret\u00e1ria Petruska Bezerra, o munic\u00edpio j\u00e1 vinha monitorando 5 pacientes com suspeitas do coronav\u00edrus. Nesta segunda-feira foi poss\u00edvel realizar os testes r\u00e1pidos em todos, 4 testaram negativo e 1 acusou positivo para Covid-19.<\/p>\n\n\n\n<p>A paciente se encontra em isolamento domiciliar desde o in\u00edcio dos sintomas e seu quadro de sa\u00fade \u00e9 est\u00e1vel. Os outros pacientes, que testaram negativo, continuar\u00e3o em isolamento domiciliar at\u00e9 completar os 15 dias de quarentena, como determina o Minist\u00e9rio da Sa\u00fade.<\/p>\n\n\n\n<p>A SMS refor\u00e7a a import\u00e2ncia de se manter o distanciamento social, evitando aglomera\u00e7\u00f5es e ficando em casa afim de evitar a propaga\u00e7\u00e3o do v\u00edrus.<\/p>\n","protected":false},"excerpt":{"rendered":"<p>A Secretaria de Sa\u00fade de S\u00e3o Jos\u00e9 dos Cordeiros confirmou no in\u00edcio da noite desta segunda-feira (18) o primeiro caso de Covid-19 no munic\u00edpio. Trata-se&hellip; <\/p>\n","protected":false},"author":1,"featured_media":170183,"comment_status":"closed","ping_status":"closed","sticky":false,"template":"","format":"standard","meta":{"sfsi_plus_gutenberg_text_before_share":"","sfsi_plus_gutenberg_show_text_before_share":"","sfsi_plus_gutenberg_icon_type":"","sfsi_plus_gutenberg_icon_alignemt":"","sfsi_plus_gutenburg_max_per_row":"","footnotes":""},"categories":[6,50],"tags":[],"class_list":["post-170181","post","type-post","status-publish","format-standard","has-post-thumbnail","hentry","category-cidades","category-destaque"],"_links":{"self":[{"href":"https:\/\/www.caririemacao.com\/1\/wp-json\/wp\/v2\/posts\/170181","targetHints":{"allow":["GET"]}}],"collection":[{"href":"https:\/\/www.caririemacao.com\/1\/wp-json\/wp\/v2\/posts"}],"about":[{"href":"https:\/\/www.caririemacao.com\/1\/wp-json\/wp\/v2\/types\/post"}],"author":[{"embeddable":true,"href":"https:\/\/www.caririemacao.com\/1\/wp-json\/wp\/v2\/users\/1"}],"replies":[{"embeddable":true,"href":"https:\/\/www.caririemacao.com\/1\/wp-json\/wp\/v2\/comments?post=170181"}],"version-history":[{"count":1,"href":"https:\/\/www.caririemacao.com\/1\/wp-json\/wp\/v2\/posts\/170181\/revisions"}],"predecessor-version":[{"id":170184,"href":"https:\/\/www.caririemacao.com\/1\/wp-json\/wp\/v2\/posts\/170181\/revisions\/170184"}],"wp:featuredmedia":[{"embeddable":true,"href":"https:\/\/www.caririemacao.com\/1\/wp-json\/wp\/v2\/media\/170183"}],"wp:attachment":[{"href":"https:\/\/www.caririemacao.com\/1\/wp-json\/wp\/v2\/media?parent=170181"}],"wp:term":[{"taxonomy":"category","embeddable":true,"href":"https:\/\/www.caririemacao.com\/1\/wp-json\/wp\/v2\/categories?post=170181"},{"taxonomy":"post_tag","embeddable":true,"href":"https:\/\/www.caririemacao.com\/1\/wp-json\/wp\/v2\/tags?post=170181"}],"curies":[{"name":"wp","href":"https:\/\/api.w.org\/{rel}","templated":true}]}}