{"id":170185,"date":"2020-05-18T20:01:58","date_gmt":"2020-05-18T23:01:58","guid":{"rendered":"https:\/\/www.caririemacao.com\/1\/?p=170185"},"modified":"2020-05-18T20:01:58","modified_gmt":"2020-05-18T23:01:58","slug":"prefeitura-de-sume-monta-pontos-de-apoio-para-ajudar-populacao-na-prevencao-ao-coronavirus-2","status":"publish","type":"post","link":"https:\/\/www.caririemacao.com\/1\/2020\/05\/18\/prefeitura-de-sume-monta-pontos-de-apoio-para-ajudar-populacao-na-prevencao-ao-coronavirus-2\/","title":{"rendered":"Prefeitura de Sum\u00e9 monta pontos de apoio para ajudar popula\u00e7\u00e3o na preven\u00e7\u00e3o ao coronav\u00edrus"},"content":{"rendered":"\n<p>Nesta segunda-feira (18), a Secretaria de Sa\u00fade de Sum\u00e9 montou pontos estrat\u00e9gicos de apoio, no Centro da cidade, com o objetivo de orientar a popula\u00e7\u00e3o sobre os cuidados relacionados ao coronav\u00edrus.<\/p>\n\n\n\n<p>As equipes da Vigil\u00e2ncia Epidemiol\u00f3gica e os agentes de combate a endemias disponibilizaram \u00e1lcool em gel 70% para a popula\u00e7\u00e3o higienizar as m\u00e3os e ainda distribu\u00edram m\u00e1scaras.<\/p>\n\n\n\n<div class=\"wp-block-image\"><figure class=\"aligncenter\"><img decoding=\"async\" data-src=\"http:\/\/deolhonocariri.com.br\/wp-content\/uploads\/2020\/05\/98345267_1589851931177393_7667321057849638912_o.jpg\" alt=\"\" class=\"wp-image-82586 lazyload\" src=\"data:image\/svg+xml;base64,PHN2ZyB3aWR0aD0iMSIgaGVpZ2h0PSIxIiB4bWxucz0iaHR0cDovL3d3dy53My5vcmcvMjAwMC9zdmciPjwvc3ZnPg==\" \/><\/figure><\/div>\n\n\n\n<p>Tamb\u00e9m foram demarcados pisos nas cal\u00e7adas de bancos e correspondentes banc\u00e1rios para delimitar o distanciamento entre cada pessoa que estiver na fila destes estabelecimentos.<\/p>\n\n\n\n<p>Durante a a\u00e7\u00e3o, as equipes realizaram ainda o trabalho educativo, explicando \u00e0 popula\u00e7\u00e3o a import\u00e2ncia do uso dos equipamentos de seguran\u00e7a e do distanciamento social.<\/p>\n\n\n\n<p><em>Ascom PMS<\/em><\/p>\n","protected":false},"excerpt":{"rendered":"<p>Nesta segunda-feira (18), a Secretaria de Sa\u00fade de Sum\u00e9 montou pontos estrat\u00e9gicos de apoio, no Centro da cidade, com o objetivo de orientar a popula\u00e7\u00e3o&hellip; <\/p>\n","protected":false},"author":2,"featured_media":170186,"comment_status":"closed","ping_status":"closed","sticky":false,"template":"","format":"standard","meta":{"sfsi_plus_gutenberg_text_before_share":"","sfsi_plus_gutenberg_show_text_before_share":"","sfsi_plus_gutenberg_icon_type":"","sfsi_plus_gutenberg_icon_alignemt":"","sfsi_plus_gutenburg_max_per_row":"","footnotes":""},"categories":[6],"tags":[],"class_list":["post-170185","post","type-post","status-publish","format-standard","has-post-thumbnail","hentry","category-cidades"],"_links":{"self":[{"href":"https:\/\/www.caririemacao.com\/1\/wp-json\/wp\/v2\/posts\/170185","targetHints":{"allow":["GET"]}}],"collection":[{"href":"https:\/\/www.caririemacao.com\/1\/wp-json\/wp\/v2\/posts"}],"about":[{"href":"https:\/\/www.caririemacao.com\/1\/wp-json\/wp\/v2\/types\/post"}],"author":[{"embeddable":true,"href":"https:\/\/www.caririemacao.com\/1\/wp-json\/wp\/v2\/users\/2"}],"replies":[{"embeddable":true,"href":"https:\/\/www.caririemacao.com\/1\/wp-json\/wp\/v2\/comments?post=170185"}],"version-history":[{"count":1,"href":"https:\/\/www.caririemacao.com\/1\/wp-json\/wp\/v2\/posts\/170185\/revisions"}],"predecessor-version":[{"id":170187,"href":"https:\/\/www.caririemacao.com\/1\/wp-json\/wp\/v2\/posts\/170185\/revisions\/170187"}],"wp:featuredmedia":[{"embeddable":true,"href":"https:\/\/www.caririemacao.com\/1\/wp-json\/wp\/v2\/media\/170186"}],"wp:attachment":[{"href":"https:\/\/www.caririemacao.com\/1\/wp-json\/wp\/v2\/media?parent=170185"}],"wp:term":[{"taxonomy":"category","embeddable":true,"href":"https:\/\/www.caririemacao.com\/1\/wp-json\/wp\/v2\/categories?post=170185"},{"taxonomy":"post_tag","embeddable":true,"href":"https:\/\/www.caririemacao.com\/1\/wp-json\/wp\/v2\/tags?post=170185"}],"curies":[{"name":"wp","href":"https:\/\/api.w.org\/{rel}","templated":true}]}}