{"id":170191,"date":"2020-05-18T22:02:04","date_gmt":"2020-05-19T01:02:04","guid":{"rendered":"https:\/\/www.caririemacao.com\/1\/?p=170191"},"modified":"2020-05-18T22:08:10","modified_gmt":"2020-05-19T01:08:10","slug":"moto-tomada-por-assalto-em-monteiro-e-recuperada-em-sume","status":"publish","type":"post","link":"https:\/\/www.caririemacao.com\/1\/2020\/05\/18\/moto-tomada-por-assalto-em-monteiro-e-recuperada-em-sume\/","title":{"rendered":"Moto tomada por assalto em Monteiro \u00e9 recuperada em Sum\u00e9"},"content":{"rendered":"\n<p>Em mais uma exitosa opera\u00e7\u00e3o, a Pol\u00edcia Militar consegue prender ladr\u00e3o e recuperar moto roubada na cidade de Monteiro.<\/p>\n\n\n\n<p>A moto foi recuperada na noite desta segunda-feira, dia 18, pr\u00f3ximo a cidade de Sum\u00e9.<br>Na moto estavam dois meliantes. Um foi preso e o segundo fugiu.<\/p>\n\n\n\n<p>A pris\u00e3o foi realizada pelo Cb Siqueira e o Cb Neto, na Vtr 7658 com o apoio da Vtr 7091 com o cabo Almiberto e o SD L.Silva.<\/p>\n\n\n\n<p>Vale ressaltar que outras guarni\u00e7\u00f5es da cidade de Serra Branca comandada pelo Cb Sim\u00f5es e o SD Figueredo e de Monteiro comandada pelo Tenente Caetano e o Cb Barbosa est\u00e3o no apoio no cerco ao outro meliante que adentrou na mata pr\u00f3ximo ao parque de vaquejada de macarr\u00e3o.<\/p>\n\n\n\n<figure class=\"wp-block-image size-large\"><img fetchpriority=\"high\" decoding=\"async\" width=\"576\" height=\"1024\" src=\"https:\/\/www.caririemacao.com\/1\/wp-content\/uploads\/2020\/05\/IMG-20200518-WA0592-576x1024.jpg\" alt=\"\" class=\"wp-image-170196\" srcset=\"https:\/\/www.caririemacao.com\/1\/wp-content\/uploads\/2020\/05\/IMG-20200518-WA0592-576x1024.jpg 576w, https:\/\/www.caririemacao.com\/1\/wp-content\/uploads\/2020\/05\/IMG-20200518-WA0592-169x300.jpg 169w, https:\/\/www.caririemacao.com\/1\/wp-content\/uploads\/2020\/05\/IMG-20200518-WA0592.jpg 585w\" sizes=\"(max-width: 576px) 100vw, 576px\" \/><\/figure>\n\n\n\n<p>A moto recuperada \u00e9 uma POP Honda, placa PCI 9294, cor preta de Sertania\/PE.<\/p>\n\n\n\n<p>Maiores informa\u00e7\u00f5es a qualquer momento.<\/p>\n","protected":false},"excerpt":{"rendered":"<p>Em mais uma exitosa opera\u00e7\u00e3o, a Pol\u00edcia Militar consegue prender ladr\u00e3o e recuperar moto roubada na cidade de Monteiro. A moto foi recuperada na noite&hellip; <\/p>\n","protected":false},"author":2,"featured_media":170195,"comment_status":"closed","ping_status":"closed","sticky":false,"template":"","format":"standard","meta":{"sfsi_plus_gutenberg_text_before_share":"","sfsi_plus_gutenberg_show_text_before_share":"","sfsi_plus_gutenberg_icon_type":"","sfsi_plus_gutenberg_icon_alignemt":"","sfsi_plus_gutenburg_max_per_row":"","footnotes":""},"categories":[50,12],"tags":[],"class_list":["post-170191","post","type-post","status-publish","format-standard","has-post-thumbnail","hentry","category-destaque","category-policia"],"_links":{"self":[{"href":"https:\/\/www.caririemacao.com\/1\/wp-json\/wp\/v2\/posts\/170191","targetHints":{"allow":["GET"]}}],"collection":[{"href":"https:\/\/www.caririemacao.com\/1\/wp-json\/wp\/v2\/posts"}],"about":[{"href":"https:\/\/www.caririemacao.com\/1\/wp-json\/wp\/v2\/types\/post"}],"author":[{"embeddable":true,"href":"https:\/\/www.caririemacao.com\/1\/wp-json\/wp\/v2\/users\/2"}],"replies":[{"embeddable":true,"href":"https:\/\/www.caririemacao.com\/1\/wp-json\/wp\/v2\/comments?post=170191"}],"version-history":[{"count":3,"href":"https:\/\/www.caririemacao.com\/1\/wp-json\/wp\/v2\/posts\/170191\/revisions"}],"predecessor-version":[{"id":170198,"href":"https:\/\/www.caririemacao.com\/1\/wp-json\/wp\/v2\/posts\/170191\/revisions\/170198"}],"wp:featuredmedia":[{"embeddable":true,"href":"https:\/\/www.caririemacao.com\/1\/wp-json\/wp\/v2\/media\/170195"}],"wp:attachment":[{"href":"https:\/\/www.caririemacao.com\/1\/wp-json\/wp\/v2\/media?parent=170191"}],"wp:term":[{"taxonomy":"category","embeddable":true,"href":"https:\/\/www.caririemacao.com\/1\/wp-json\/wp\/v2\/categories?post=170191"},{"taxonomy":"post_tag","embeddable":true,"href":"https:\/\/www.caririemacao.com\/1\/wp-json\/wp\/v2\/tags?post=170191"}],"curies":[{"name":"wp","href":"https:\/\/api.w.org\/{rel}","templated":true}]}}