{"id":170204,"date":"2020-05-19T06:09:06","date_gmt":"2020-05-19T09:09:06","guid":{"rendered":"https:\/\/www.caririemacao.com\/1\/?p=170204"},"modified":"2020-05-19T06:09:06","modified_gmt":"2020-05-19T09:09:06","slug":"denuncias-de-violacoes-contra-criancas-e-adolescentes-aumentam-14","status":"publish","type":"post","link":"https:\/\/www.caririemacao.com\/1\/2020\/05\/19\/denuncias-de-violacoes-contra-criancas-e-adolescentes-aumentam-14\/","title":{"rendered":"Den\u00fancias de viola\u00e7\u00f5es contra crian\u00e7as e adolescentes aumentam 14%"},"content":{"rendered":"\n<p>No Dia Nacional de Combate \u00e0 Explora\u00e7\u00e3o Sexual de Crian\u00e7as e Adolescentes, o Minist\u00e9rio da Mulher, da Fam\u00edlia e dos Direitos Humanos lamentou hoje (18) os dados brasileiros. Segundo levantamento das den\u00fancias feitas por meio do Disque 100, dos 159 mil registros feitos ao longo de 2019 pelo Disque Direitos Humanos, 86,8 mil s\u00e3o de viola\u00e7\u00f5es de direitos de crian\u00e7as ou adolescentes, um aumento de quase 14% em rela\u00e7\u00e3o a 2018.&nbsp;<\/p>\n\n\n\n<p>Segundo o minist\u00e9rio, uma das raz\u00f5es que podem explicar o aumento \u00e9 a rapidez no atendimento, que passou de 71 segundos em 2018, para 11 segundos no ano passado.<\/p>\n\n\n\n<p>A pesquisa aponta que, quando o assunto \u00e9 viol\u00eancia sexual, foram registrados mais 17 mil casos somente no ano passado. \u201cSe considerarmos o que apontam estudos acad\u00eamicos, que s\u00f3 10% dos casos ser\u00e3o denunciados \u00e0s autoridades, a gente chega a uma cifra absurda de quase 1 milh\u00e3o de casos em 2019 de viola\u00e7\u00e3o de direitos de crian\u00e7as e adolescentes. A maior parte dessas viola\u00e7\u00f5es \u00e9 perpetrada por pessoas pr\u00f3ximas \u00e0 v\u00edtima e a grande maioria delas no ambiente dom\u00e9stico, o que torna mais dif\u00edcil ainda n\u00f3s trabalharmos com pol\u00edticas pol\u00edticas p\u00fablicas que possam penetrar nesse ambiente dom\u00e9stico\u201d, avaliou o secret\u00e1rio nacional dos direitos da crian\u00e7a e do adolescente, Maur\u00edcio Cunha.<\/p>\n\n\n\n<h4 class=\"wp-block-heading\">Ranking<\/h4>\n\n\n\n<p>Durante a apresenta\u00e7\u00e3o do balan\u00e7o nesta segunda-feira, a ministra Damares Alves colocou sob suspei\u00e7\u00e3o alguns dados. Um deles de que os casos de viol\u00eancia sexual contra crian\u00e7as e adolescentes ocupem a quarta posi\u00e7\u00e3o no dia a dia das v\u00edtimas, como indicam os dados baseados nas liga\u00e7\u00f5es para o Disque 100. Por meio desse canal, os abusos sexuais v\u00eam atr\u00e1s de neglig\u00eancia, viol\u00eancia psicol\u00f3gica e f\u00edsica. Para Damares Alves a estat\u00edstica n\u00e3o reflete a realidade subnotifucada.&nbsp;<\/p>\n\n\n\n<p>&#8220;Os outros tipos de viola\u00e7\u00f5es s\u00e3o claramente vis\u00edveis, a viol\u00eancia sexual, n\u00e3o. Na maioria das vezes,\u00e9 silenciosa. Ela aparece como a quarta no balan\u00e7o. Ser\u00e1 que ela \u00e9 realmente a quarta?\u201d, questionou.<\/p>\n\n\n\n<h4 class=\"wp-block-heading\">Pandemia<\/h4>\n\n\n\n<p>Outra preocupa\u00e7\u00e3o externada pela ministra tem a ver com os n\u00fameros p\u00f3s-pandemia. \u00c9 que a partir de abril deste ano, quando um maior n\u00famero de estados come\u00e7ou a decretar o isolamento social como medida necess\u00e1ria para reduzir a contamina\u00e7\u00e3o pela covid-19, houve uma queda de 17,1% nas den\u00fancias, quando na verdade era esperada uma estabiliza\u00e7\u00e3o ou um aumento delas. A suspeita \u00e9 de que em casa, longe da escola, muitas crian\u00e7as estejam mais expostas a situa\u00e7\u00e3o de abuso e explora\u00e7\u00e3o sexual.<\/p>\n\n\n\n<p>\u201cQuando as portas das casas come\u00e7arem a se abrir e a gente come\u00e7ar a receber as crian\u00e7as nas escolas, nas creches, o que nos aguarda? N\u00f3s estamos muito preocupados\u201d, ressaltou a ministra.<\/p>\n\n\n\n<p>Al\u00e9m de reuni\u00f5es com o Minist\u00e9rio da Educa\u00e7\u00e3o (MEC), para identificar casos de viol\u00eancia contra crian\u00e7as e adolescentes no retorno das aulas, o Minist\u00e9rio dos Direitos Humanos j\u00e1 est\u00e1 em contato com a Associa\u00e7\u00e3o Nacional de Universidades Particulares. O objetivo \u00e9, por meio de psic\u00f3logos volunt\u00e1rios, capacitar os atores do sistema educacional para esse trabalho.<\/p>\n\n\n\n<h4 class=\"wp-block-heading\">Perfil<\/h4>\n\n\n\n<p>Ainda segundo o levantamento, a maioria das v\u00edtimas de viol\u00eancia \u00e9 menina (55%), que tem entre 4 e 11 anos. J\u00e1 entre os suspeitos a maioria \u00e9 mulher (52%) e tem entre 18 e 59 anos (71%). \u201cA m\u00e3e aparece muito como autora da viol\u00eancia. A maioria das fam\u00edlias brasileiras \u00e9 comandada por mulheres\u201d, lembrou a ministra lembrando que boa parte da viol\u00eancia praticada por elas \u00e9 f\u00edsica e psicol\u00f3gica e que isso precisa ser estudado.<\/p>\n\n\n\n<p>Nos casos espec\u00edficos de viol\u00eancia sexual, os padrastos (21%) s\u00e3o os principais abusadores, seguidos de pai (19%), m\u00e3e (14%), tio (9%) e vizinhos (7%).<\/p>\n\n\n\n<h2 class=\"wp-block-heading\">Den\u00fancias<\/h2>\n\n\n\n<p>At\u00e9 o final deste m\u00eas o minist\u00e9rio promete ampliar o atendimento \u00e0s v\u00edtimas por meio de um n\u00famero para den\u00fancias via WhatsApp. As v\u00edtimas tamb\u00e9m poder\u00e3o continuar fazendo den\u00fancias tanto pelo Disque 100 (Disque Direitos Humanos) quanto pelo ligue 180 (Central de Atendimento \u00e0 Mulher). H\u00e1 ainda o app Direitos Humanos Brasil que pode ser baixado gratuitamente nas vers\u00f5es Android e IOS.<\/p>\n","protected":false},"excerpt":{"rendered":"<p>No Dia Nacional de Combate \u00e0 Explora\u00e7\u00e3o Sexual de Crian\u00e7as e Adolescentes, o Minist\u00e9rio da Mulher, da Fam\u00edlia e dos Direitos Humanos lamentou hoje (18)&hellip; <\/p>\n","protected":false},"author":2,"featured_media":153701,"comment_status":"closed","ping_status":"closed","sticky":false,"template":"","format":"standard","meta":{"sfsi_plus_gutenberg_text_before_share":"","sfsi_plus_gutenberg_show_text_before_share":"","sfsi_plus_gutenberg_icon_type":"","sfsi_plus_gutenberg_icon_alignemt":"","sfsi_plus_gutenburg_max_per_row":"","footnotes":""},"categories":[2],"tags":[],"class_list":["post-170204","post","type-post","status-publish","format-standard","has-post-thumbnail","hentry","category-geral"],"_links":{"self":[{"href":"https:\/\/www.caririemacao.com\/1\/wp-json\/wp\/v2\/posts\/170204","targetHints":{"allow":["GET"]}}],"collection":[{"href":"https:\/\/www.caririemacao.com\/1\/wp-json\/wp\/v2\/posts"}],"about":[{"href":"https:\/\/www.caririemacao.com\/1\/wp-json\/wp\/v2\/types\/post"}],"author":[{"embeddable":true,"href":"https:\/\/www.caririemacao.com\/1\/wp-json\/wp\/v2\/users\/2"}],"replies":[{"embeddable":true,"href":"https:\/\/www.caririemacao.com\/1\/wp-json\/wp\/v2\/comments?post=170204"}],"version-history":[{"count":1,"href":"https:\/\/www.caririemacao.com\/1\/wp-json\/wp\/v2\/posts\/170204\/revisions"}],"predecessor-version":[{"id":170205,"href":"https:\/\/www.caririemacao.com\/1\/wp-json\/wp\/v2\/posts\/170204\/revisions\/170205"}],"wp:featuredmedia":[{"embeddable":true,"href":"https:\/\/www.caririemacao.com\/1\/wp-json\/wp\/v2\/media\/153701"}],"wp:attachment":[{"href":"https:\/\/www.caririemacao.com\/1\/wp-json\/wp\/v2\/media?parent=170204"}],"wp:term":[{"taxonomy":"category","embeddable":true,"href":"https:\/\/www.caririemacao.com\/1\/wp-json\/wp\/v2\/categories?post=170204"},{"taxonomy":"post_tag","embeddable":true,"href":"https:\/\/www.caririemacao.com\/1\/wp-json\/wp\/v2\/tags?post=170204"}],"curies":[{"name":"wp","href":"https:\/\/api.w.org\/{rel}","templated":true}]}}