{"id":170208,"date":"2020-05-19T06:11:18","date_gmt":"2020-05-19T09:11:18","guid":{"rendered":"https:\/\/www.caririemacao.com\/1\/?p=170208"},"modified":"2020-05-19T06:11:18","modified_gmt":"2020-05-19T09:11:18","slug":"paraiba-registra-novo-recorde-e-confirma-mais-de-430-casos-de-covid-19-em-24h","status":"publish","type":"post","link":"https:\/\/www.caririemacao.com\/1\/2020\/05\/19\/paraiba-registra-novo-recorde-e-confirma-mais-de-430-casos-de-covid-19-em-24h\/","title":{"rendered":"Para\u00edba registra novo recorde e confirma mais de 430 casos de Covid-19 em 24h"},"content":{"rendered":"\n<p>Um novo recorde de confirma\u00e7\u00e3o de casos de coronav\u00edrus foi registrado nesta segunda-feira (18) no estado da Para\u00edba. Mais 439 casos foram notificados nas \u00faltimas 24 horas.<\/p>\n\n\n\n<p>Conforme divulgado pelo Boletim Epidemiol\u00f3gico da Secretaria de Estado da Sa\u00fade (SES), com as novas notifica\u00e7\u00f5es, a Para\u00edba registra um total de 4.786 casos confirmados de Covid-19.<\/p>\n\n\n\n<p>Os casos confirmados est\u00e3o em 141 munic\u00edpios paraibanos:<\/p>\n\n\n\n<p>Alagoa Grande (21); Alagoa Nova (4); Alagoinha (16); Alhandra (56); Amparo (10); Ara\u00e7agi (28); Arara (2); Areia (18); Areial (4); Aroeiras (6); Baia da Trai\u00e7\u00e3o (18); Bananeiras (9); Barra de Santana (4); Barra de S\u00e3o Miguel (1); Bayeux (134); Bel\u00e9m (8); Bel\u00e9m do Brejo do Cruz (1); Boa Vista (1); Bom Jesus (1); Boqueir\u00e3o (2); Borborema (1); Brejo do Cruz (1); Caapor\u00e3 (144); Cabedelo (208); Cacimba de Dentro (4); Cai\u00e7ara (10); Cajazeiras (29); Cajazeirinhas (1); Caldas Brand\u00e3o (1); Campina Grande (299); Capim (7); Casserengue (1); Catingueira (1), Catol\u00e9 do Rocha (4); Caturit\u00e9 (1); Concei\u00e7\u00e3o (2); Condado (22); Conde (41); Congo (10); Coremas (11); Coxixola (3); Cruz do Esp\u00edrito Santo (64); Cuit\u00e9 (1); Cuit\u00e9 de Mamanguape (1); Cuiteg\u00ed (16); Curral de Cima (1); Duas Estradas (1); Esperan\u00e7a (13); Gado Bravo (6); Guarabira (184); Gurinh\u00e9m (11); Igaracy (2); Imaculada (4); Ing\u00e1 (3); Itabaiana (32); Itaporanga (4); Itapororoca (18); Itatuba (14); Jacara\u00fa (7); Jo\u00e3o Pessoa (1799); Joca Claudino (1); Juarez T\u00e1vora (4); Juazeirinho (15); Junco do Serid\u00f3 (4); Juripiranga (17); Lagoa de Dentro (2); Lagoa Seca (10); Lastro (1); Logradouro (3); Lucena (29); Malta (6); Mamanguape (22); Mari (45); Mariz\u00f3polis (4); Massaranduba (6); Mataraca (7); Matinhas (1); Matureia (4); Mogeiro (1); Monteiro (13); Mulungu (6); Natuba (1); Nova Floresta (1), Nova Olinda (1); Olho D\u00b4\u00c1gua (1); Passagem (1); Patos (298); Paulista (2); Pedras de Fogo (68); Pianc\u00f3 (9); Picu\u00ed (1); Pilar (18); Pil\u00f5es (5); Pil\u00f5ezinhos (9); Pirpirituba (7); Pitimbu (34); Pocinhos (1); Pombal (12); Princesa Isabel (4); Puxinan\u00e3 (2); Queimadas (21); Quixaba (5); Rem\u00edgio (17); Riach\u00e3o do Bacamarte (16); Riach\u00e3o do Po\u00e7o (1); Riacho dos Cavalos (2); Rio Tinto (16); Salgado de S\u00e3o Felix (4); Santa Helena (1); Santa Luzia (15); Santa Rita (319); Santa Terezinha (1); S\u00e3o Bento (14); S\u00e3o Jo\u00e3o do Rio do Peixe (6); S\u00e3o Jos\u00e9 da Lagoa Tapada (12); S\u00e3o Jos\u00e9 de Caiana (5); S\u00e3o Jos\u00e9 de Espinharas (2); S\u00e3o Jos\u00e9 de Piranhas (4); S\u00e3o Jos\u00e9 do Bonfim (5); S\u00e3o Jos\u00e9 do Sabugi (39); S\u00e3o Jos\u00e9 dos Ramos (4); S\u00e3o Mamede (4); S\u00e3o Miguel de Taipu (10); S\u00e3o Sebasti\u00e3o de Lagoa de Ro\u00e7a (7); S\u00e3o Vicente do Serid\u00f3 (3); Sap\u00e9 (109); Serra Branca (2); Serra da Ra\u00edz (5); Serra Redonda (2); Serraria (1); Sert\u00e3ozinho (3); Sobrado (4); Sol\u00e2nea (10); Soledade (2); Sousa (72); Tacima (2); Tapero\u00e1 (24); Teixeira (4); Uira\u00fana (2); Umbuzeiro (8); Vista Serrana (1).<\/p>\n\n\n\n<p>Houve tamb\u00e9m o registro de 13 \u00f3bitos:<\/p>\n\n\n\n<p>\u2013 Homem, idoso, 87 anos, sem comorbidade, residente em Santa Luzia. Inicio dos sintomas 03\/05, interno em hospital p\u00fablico, veio a \u00f3bito no dia 16\/05.<\/p>\n\n\n\n<p>\u2013 Homem, idoso 88 anos, hipertenso, e portador de doen\u00e7a neurol\u00f3gica, residente em Jo\u00e3o Pessoa. Inicio dos sintomas 01\/05, interno em hospital privado, veio a \u00f3bito no dia 17\/05.<\/p>\n\n\n\n<p>\u2013 Mulher, 56 anos, portadora de doen\u00e7a cardiovascular e hipertens\u00e3o, residente em Santa Rita. In\u00edcio dos sintomas 25\/04, interna em hospital p\u00fablico, veio a \u00f3bito no dia 15\/05.<\/p>\n\n\n\n<p>\u2013 Homem, 51 anos, sem informa\u00e7\u00e3o de comorbidade, residente em Jo\u00e3o Pessoa. In\u00edcio dos sintomas 30\/04, interno em hospital p\u00fablico, veio a \u00f3bito no dia 15\/05.<\/p>\n\n\n\n<p>\u2013 Homem, 44 anos, sem comorbidade registrada, residente em Pitimbu. In\u00edcio dos sintomas 30\/04, interno em hospital p\u00fablico, veio a \u00f3bito no dia 17\/05.<\/p>\n\n\n\n<p>\u2013 Mulher, idosa 81 anos, portadora de doen\u00e7a card\u00edaca cr\u00f4nica, diab\u00e9tica, residente em Cruz do Esp\u00edrito Santo. In\u00edcio dos sintomas 07\/05, interna em hospital p\u00fablico, veio a \u00f3bito no dia 15\/05.<\/p>\n\n\n\n<p>\u2013 Homem, idoso 77 anos, portador de doen\u00e7a renal cr\u00f4nica, profissional da sa\u00fade, residente em Jo\u00e3o Pessoa. In\u00edcio dos sintomas 03\/05, interno em hospital privado, veio a \u00f3bito no dia 17\/05.<\/p>\n\n\n\n<p>\u2013 Mulher, idosa 64 anos, hipertensa, residente em Campina Grande. In\u00edcio dos sintomas 08\/05, interna em hospital p\u00fablico, veio a \u00f3bito no dia 16\/05.<\/p>\n\n\n\n<p>\u2013 Homem, idoso 87 anos, sem comorbidade, residente em Campina Grande. In\u00edcio dos sintomas 05\/05, interno em hospital p\u00fablico, veio a \u00f3bito no dia 17\/05.<\/p>\n\n\n\n<p>\u2013 Mulher, 20 anos, portadora de hidrocefalia, doen\u00e7a renal cr\u00f4nica, residente em Santa Rita. In\u00edcio dos sintomas 28\/04, interna em hospital privado, veio a \u00f3bito no dia 09\/05.<\/p>\n\n\n\n<p>\u2013 Homem, idoso 75 anos, sem informa\u00e7\u00e3o de comorbidade, residente em Bayeux. In\u00edcio dos sintomas 02\/05, interno em hospital p\u00fablico , veio a \u00f3bito no dia 12\/05.<\/p>\n\n\n\n<p>\u2013 Mulher, idosa, 84 anos, sem comorbidade registrada, residente em Patos. In\u00edcio dos sintomas 02\/05, interna em hospital p\u00fablico, veio a \u00f3bito no dia 18\/05.<\/p>\n\n\n\n<p>\u2013 Homem, idoso, 84 anos, hipertenso, residente em Guarabira. In\u00edcio dos sintomas 08\/05, interno em hospital publico, veio a \u00f3bito no dia 18\/05.<\/p>\n\n\n\n<p>Dos mais de 4 mil casos registrados, a Secretaria da Sa\u00fade aponta que 1.462 se recuperaram e 207 faleceram.<\/p>\n\n\n\n<p>\u201cDos leitos de UTI para adultos ativados em todo o Estado, 74% est\u00e3o ocupados. Na Regi\u00e3o Metropolitana de Jo\u00e3o Pessoa, a taxa de ocupa\u00e7\u00e3o de UTI para adultos \u00e9 de 88% e em Campina Grande, 83%. Apenas 51% da popula\u00e7\u00e3o seguiu a recomenda\u00e7\u00e3o de Isolamento Social\u201d, diz o Boletim.<\/p>\n","protected":false},"excerpt":{"rendered":"<p>Um novo recorde de confirma\u00e7\u00e3o de casos de coronav\u00edrus foi registrado nesta segunda-feira (18) no estado da Para\u00edba. Mais 439 casos foram notificados nas \u00faltimas&hellip; <\/p>\n","protected":false},"author":2,"featured_media":169334,"comment_status":"closed","ping_status":"closed","sticky":false,"template":"","format":"standard","meta":{"sfsi_plus_gutenberg_text_before_share":"","sfsi_plus_gutenberg_show_text_before_share":"","sfsi_plus_gutenberg_icon_type":"","sfsi_plus_gutenberg_icon_alignemt":"","sfsi_plus_gutenburg_max_per_row":"","footnotes":""},"categories":[50,16],"tags":[],"class_list":["post-170208","post","type-post","status-publish","format-standard","has-post-thumbnail","hentry","category-destaque","category-saude"],"_links":{"self":[{"href":"https:\/\/www.caririemacao.com\/1\/wp-json\/wp\/v2\/posts\/170208","targetHints":{"allow":["GET"]}}],"collection":[{"href":"https:\/\/www.caririemacao.com\/1\/wp-json\/wp\/v2\/posts"}],"about":[{"href":"https:\/\/www.caririemacao.com\/1\/wp-json\/wp\/v2\/types\/post"}],"author":[{"embeddable":true,"href":"https:\/\/www.caririemacao.com\/1\/wp-json\/wp\/v2\/users\/2"}],"replies":[{"embeddable":true,"href":"https:\/\/www.caririemacao.com\/1\/wp-json\/wp\/v2\/comments?post=170208"}],"version-history":[{"count":1,"href":"https:\/\/www.caririemacao.com\/1\/wp-json\/wp\/v2\/posts\/170208\/revisions"}],"predecessor-version":[{"id":170209,"href":"https:\/\/www.caririemacao.com\/1\/wp-json\/wp\/v2\/posts\/170208\/revisions\/170209"}],"wp:featuredmedia":[{"embeddable":true,"href":"https:\/\/www.caririemacao.com\/1\/wp-json\/wp\/v2\/media\/169334"}],"wp:attachment":[{"href":"https:\/\/www.caririemacao.com\/1\/wp-json\/wp\/v2\/media?parent=170208"}],"wp:term":[{"taxonomy":"category","embeddable":true,"href":"https:\/\/www.caririemacao.com\/1\/wp-json\/wp\/v2\/categories?post=170208"},{"taxonomy":"post_tag","embeddable":true,"href":"https:\/\/www.caririemacao.com\/1\/wp-json\/wp\/v2\/tags?post=170208"}],"curies":[{"name":"wp","href":"https:\/\/api.w.org\/{rel}","templated":true}]}}