{"id":170211,"date":"2020-05-19T06:13:53","date_gmt":"2020-05-19T09:13:53","guid":{"rendered":"https:\/\/www.caririemacao.com\/1\/?p=170211"},"modified":"2020-05-19T06:13:53","modified_gmt":"2020-05-19T09:13:53","slug":"auxilio-emergencial-governo-ja-liberou-quase-60-milhoes-de-beneficios","status":"publish","type":"post","link":"https:\/\/www.caririemacao.com\/1\/2020\/05\/19\/auxilio-emergencial-governo-ja-liberou-quase-60-milhoes-de-beneficios\/","title":{"rendered":"Aux\u00edlio emergencial: governo j\u00e1 liberou quase 60 milh\u00f5es de benef\u00edcios"},"content":{"rendered":"\n<p><br>O aux\u00edlio emergencial pago a trabalhadores informais j\u00e1 foi liberado para quase 60 milh\u00f5es de brasileiros, informou a Caixa Econ\u00f4mica Federal nesta segunda-feira (18).<\/p>\n\n\n\n<p>O n\u00famero de beneficiados \u00e9 o triplo da proje\u00e7\u00e3o inicial apresentada pelo governo -e ainda deve aumentar.<\/p>\n\n\n\n<p>Em mar\u00e7o, ao apresentar o programa, o Minist\u00e9rio da Economia informou que a medida beneficiaria entre 15 e 20 milh\u00f5es de pessoas a um custo de R$ 15 bilh\u00f5es aos cofres p\u00fablicos.<\/p>\n\n\n\n<p>As estimativas do governo foram aos poucos revisadas. Ap\u00f3s a aprova\u00e7\u00e3o do aux\u00edlio pelo Congresso, a proje\u00e7\u00e3o foi ampliada para 54 milh\u00f5es de pessoas e o custo foi a R$ 98 bilh\u00f5es.<\/p>\n\n\n\n<p>Em seguida, o governo viu que o valor n\u00e3o seria suficiente e liberou novo cr\u00e9dito para o programa, que passou para um montante de aproximadamente R$ 124 bilh\u00f5es.<\/p>\n\n\n\n<p>De acordo com o presidente da Caixa, Pedro Guimar\u00e3es, j\u00e1 foram autorizados benef\u00edcios para 58,7 milh\u00f5es de pessoas.<\/p>\n\n\n\n<p>Desse total, 50,4 milh\u00f5es receberam a primeira parcela de R$ 600 e poder\u00e3o acessar a segunda parcela nos pr\u00f3ximos dias. H\u00e1 ainda um lote de 8,3 milh\u00f5es de pessoas que estavam com pedidos represados nos sistemas do governo e agora receberam aval para os pagamentos.<\/p>\n\n\n\n<p>Os cadastros para acessar o programa permanecer\u00e3o abertos at\u00e9 julho. A tend\u00eancia \u00e9 que o n\u00famero de beneficiados continue subindo.<\/p>\n\n\n\n<p>C\u00e1lculos do Minist\u00e9rio da Cidadania apontam que o aux\u00edlio deve alcan\u00e7ar 70 milh\u00f5es de pessoas.<\/p>\n\n\n\n<p>Reportagem da Folha de S.Paulo mostrou, entretanto, que esse n\u00famero deve crescer para pelo menos 80 milh\u00f5es e pode chegar a 112 milh\u00f5es, mais da metade da popula\u00e7\u00e3o brasileira, caso a crise gerada pelo coronav\u00edrus gere mais perda de renda.<\/p>\n\n\n\n<p>As proje\u00e7\u00f5es foram feitas pela IFI (Institui\u00e7\u00e3o Fiscal Independente), \u00f3rg\u00e3o do Senado, tran\u00e7ando cen\u00e1rios de aumento de informalidade e desemprego, com base em dados do governo.<\/p>\n\n\n\n<p>O aux\u00edlio emergencial pode ser acessado por trabalhadores informais, microempreendedores individuais (MEI), aut\u00f4nomos e intermitentes sem emprego fixo.<\/p>\n\n\n\n<p>\u00c9 necess\u00e1rio ter mais de 18 anos e n\u00e3o estar recebendo benef\u00edcios previdenci\u00e1rios ou seguro-desemprego.<\/p>\n\n\n\n<p>Para ter direito \u00e0 assist\u00eancia, h\u00e1 ainda uma limita\u00e7\u00e3o de renda. S\u00f3 pode receber o aux\u00edlio quem tem renda mensal per capita de at\u00e9 meio sal\u00e1rio m\u00ednimo (R$ 522,50) ou renda familiar mensal total de at\u00e9 tr\u00eas sal\u00e1rios m\u00ednimos (R$ 3.135).<\/p>\n\n\n\n<p>A pessoa tamb\u00e9m n\u00e3o pode ter recebido rendimentos tribut\u00e1veis acima de R$ 28.559,70 em 2018.<\/p>\n\n\n\n<p>A libera\u00e7\u00e3o do aux\u00edlio \u00e9 autom\u00e1tica para benefici\u00e1rios do bolsa fam\u00edlia e pessoas do cadastro \u00fanico de programas sociais do governo que estejam aptas ao programa.<\/p>\n\n\n\n<p>Para os outros informais que se enquadram nas regras, \u00e9 necess\u00e1rio se cadastrar no site ou no aplicativo da Caixa.<\/p>\n\n\n\n<p>Nesses casos, o Minist\u00e9rio da Cidadania afirma que as informa\u00e7\u00f5es prestadas passam por avalia\u00e7\u00e3o e cruzamento de dados nos sistemas do governo. Somente ap\u00f3s aval do Dataprev e da pasta, a Caixa libera o benef\u00edcio.<\/p>\n","protected":false},"excerpt":{"rendered":"<p>O aux\u00edlio emergencial pago a trabalhadores informais j\u00e1 foi liberado para quase 60 milh\u00f5es de brasileiros, informou a Caixa Econ\u00f4mica Federal nesta segunda-feira (18). O&hellip; <\/p>\n","protected":false},"author":2,"featured_media":168666,"comment_status":"closed","ping_status":"closed","sticky":false,"template":"","format":"standard","meta":{"sfsi_plus_gutenberg_text_before_share":"","sfsi_plus_gutenberg_show_text_before_share":"","sfsi_plus_gutenberg_icon_type":"","sfsi_plus_gutenberg_icon_alignemt":"","sfsi_plus_gutenburg_max_per_row":"","footnotes":""},"categories":[2],"tags":[],"class_list":["post-170211","post","type-post","status-publish","format-standard","has-post-thumbnail","hentry","category-geral"],"_links":{"self":[{"href":"https:\/\/www.caririemacao.com\/1\/wp-json\/wp\/v2\/posts\/170211","targetHints":{"allow":["GET"]}}],"collection":[{"href":"https:\/\/www.caririemacao.com\/1\/wp-json\/wp\/v2\/posts"}],"about":[{"href":"https:\/\/www.caririemacao.com\/1\/wp-json\/wp\/v2\/types\/post"}],"author":[{"embeddable":true,"href":"https:\/\/www.caririemacao.com\/1\/wp-json\/wp\/v2\/users\/2"}],"replies":[{"embeddable":true,"href":"https:\/\/www.caririemacao.com\/1\/wp-json\/wp\/v2\/comments?post=170211"}],"version-history":[{"count":1,"href":"https:\/\/www.caririemacao.com\/1\/wp-json\/wp\/v2\/posts\/170211\/revisions"}],"predecessor-version":[{"id":170212,"href":"https:\/\/www.caririemacao.com\/1\/wp-json\/wp\/v2\/posts\/170211\/revisions\/170212"}],"wp:featuredmedia":[{"embeddable":true,"href":"https:\/\/www.caririemacao.com\/1\/wp-json\/wp\/v2\/media\/168666"}],"wp:attachment":[{"href":"https:\/\/www.caririemacao.com\/1\/wp-json\/wp\/v2\/media?parent=170211"}],"wp:term":[{"taxonomy":"category","embeddable":true,"href":"https:\/\/www.caririemacao.com\/1\/wp-json\/wp\/v2\/categories?post=170211"},{"taxonomy":"post_tag","embeddable":true,"href":"https:\/\/www.caririemacao.com\/1\/wp-json\/wp\/v2\/tags?post=170211"}],"curies":[{"name":"wp","href":"https:\/\/api.w.org\/{rel}","templated":true}]}}