{"id":170224,"date":"2020-05-19T06:38:39","date_gmt":"2020-05-19T09:38:39","guid":{"rendered":"https:\/\/www.caririemacao.com\/1\/?p=170224"},"modified":"2020-05-19T06:38:39","modified_gmt":"2020-05-19T09:38:39","slug":"secretaria-municipal-de-saude-esclarece-quem-pode-fazer-o-teste-de-covid-19-e-como-ter-acesso","status":"publish","type":"post","link":"https:\/\/www.caririemacao.com\/1\/2020\/05\/19\/secretaria-municipal-de-saude-esclarece-quem-pode-fazer-o-teste-de-covid-19-e-como-ter-acesso\/","title":{"rendered":"Secretaria Municipal de Sa\u00fade esclarece quem pode fazer o teste de Covid-19 e como ter acesso"},"content":{"rendered":"\n<h1 class=\"wp-block-heading\"><\/h1>\n\n\n\n<p>A Secretaria Municipal de Sa\u00fade emitiu uma nota oficial para tirar d\u00favidas a respeito da realiza\u00e7\u00e3o de testes para covid-19 em Jo\u00e3o Pessoa. A nota, divulgada nesta segunda-feira (18), explica quem tem direito aos testes gratuitos, os protocolos cl\u00ednicos do Minist\u00e9rio da Sa\u00fade e da Secretaria Municipal de Sa\u00fade (SMS) sobre a realiza\u00e7\u00e3o de testes.<\/p>\n\n\n\n<p>Daniel Batista, gerente de Vigil\u00e2ncia Epidemiol\u00f3gica do Munic\u00edpio, esclarece que hoje s\u00e3o oferecidos dois tipos de testes gratuitos: PCR, que s\u00f3 pode ser feito at\u00e9 o 7\u00ba dia de sintomas da doen\u00e7a, e teste r\u00e1pido, que deve ser feito a partir do 10\u00ba dia de sintomas.<\/p>\n\n\n\n<p>Sobre o teste r\u00e1pido, atualmente duas equipes da Vigil\u00e2ncia Epidemiol\u00f3gica est\u00e3o fazendo. H\u00e1 duas formas de ter acesso a esse teste: a primeira \u00e9 quando o paciente procura algum servi\u00e7o de Aten\u00e7\u00e3o B\u00e1sica, como a Unidade de Sa\u00fade, por exemplo, e o pr\u00f3prio profissional da sa\u00fade encaminha para fazer o teste, orientando o dia e local. A segunda forma \u00e9 atrav\u00e9s do banco de dados da pr\u00f3pria Vigil\u00e2ncia, alimentado pelo telemedicina e outros servi\u00e7os de sa\u00fade, onde as equipes selecionam pacientes que se encaixam nas orienta\u00e7\u00f5es dadas pelo Minist\u00e9rio da Sa\u00fade e entram em contato por telefone com paciente para fazer o teste em suas resid\u00eancias.&nbsp;<\/p>\n\n\n\n<p>Ao contr\u00e1rio do teste r\u00e1pido, o PCR, que usa material gen\u00e9tico do paciente, demora alguns dias para entregar o resultado e \u00e9 feito normalmente em pacientes internados em hospitais. O exame funciona atrav\u00e9s da coleta de c\u00e9lulas, com uma esp\u00e9cie de cotonete, do nariz e da faringe do paciente que esteja apresentando sintomas agudos.<\/p>\n\n\n\n<p>\u201cInfelizmente, n\u00e3o podemos realizar testes em todas as pessoas, por isso seguimos essas orienta\u00e7\u00f5es como melhor forma de monitorar a doen\u00e7a e assegurar a sa\u00fade de todos\u201d, explicou Daniel Batista.&nbsp;&nbsp;<\/p>\n\n\n\n<p>A SMS ainda esclarece que as Unidades de Pronto Atendimento (UPAs) s\u00e3o refer\u00eancia para atendimentos de urg\u00eancia e emerg\u00eancia para Covid-19, mas n\u00e3o realiza testagens. Al\u00e9m disso, se o sintoma gripal for leve, mesmo que suspeito, a orienta\u00e7\u00e3o \u00e9 se isolar em casa e se necess\u00e1rio ligar para o telefone do telemedicina (Central de Orienta\u00e7\u00e3o Coronav\u00edrus), pelo n\u00famero (83) 3218-9214, para receber orienta\u00e7\u00f5es iniciais dos m\u00e9dicos da Rede Municipal de Sa\u00fade.<\/p>\n","protected":false},"excerpt":{"rendered":"<p>A Secretaria Municipal de Sa\u00fade emitiu uma nota oficial para tirar d\u00favidas a respeito da realiza\u00e7\u00e3o de testes para covid-19 em Jo\u00e3o Pessoa. A nota,&hellip; <\/p>\n","protected":false},"author":2,"featured_media":170225,"comment_status":"closed","ping_status":"closed","sticky":false,"template":"","format":"standard","meta":{"sfsi_plus_gutenberg_text_before_share":"","sfsi_plus_gutenberg_show_text_before_share":"","sfsi_plus_gutenberg_icon_type":"","sfsi_plus_gutenberg_icon_alignemt":"","sfsi_plus_gutenburg_max_per_row":"","footnotes":""},"categories":[16],"tags":[],"class_list":["post-170224","post","type-post","status-publish","format-standard","has-post-thumbnail","hentry","category-saude"],"_links":{"self":[{"href":"https:\/\/www.caririemacao.com\/1\/wp-json\/wp\/v2\/posts\/170224","targetHints":{"allow":["GET"]}}],"collection":[{"href":"https:\/\/www.caririemacao.com\/1\/wp-json\/wp\/v2\/posts"}],"about":[{"href":"https:\/\/www.caririemacao.com\/1\/wp-json\/wp\/v2\/types\/post"}],"author":[{"embeddable":true,"href":"https:\/\/www.caririemacao.com\/1\/wp-json\/wp\/v2\/users\/2"}],"replies":[{"embeddable":true,"href":"https:\/\/www.caririemacao.com\/1\/wp-json\/wp\/v2\/comments?post=170224"}],"version-history":[{"count":1,"href":"https:\/\/www.caririemacao.com\/1\/wp-json\/wp\/v2\/posts\/170224\/revisions"}],"predecessor-version":[{"id":170226,"href":"https:\/\/www.caririemacao.com\/1\/wp-json\/wp\/v2\/posts\/170224\/revisions\/170226"}],"wp:featuredmedia":[{"embeddable":true,"href":"https:\/\/www.caririemacao.com\/1\/wp-json\/wp\/v2\/media\/170225"}],"wp:attachment":[{"href":"https:\/\/www.caririemacao.com\/1\/wp-json\/wp\/v2\/media?parent=170224"}],"wp:term":[{"taxonomy":"category","embeddable":true,"href":"https:\/\/www.caririemacao.com\/1\/wp-json\/wp\/v2\/categories?post=170224"},{"taxonomy":"post_tag","embeddable":true,"href":"https:\/\/www.caririemacao.com\/1\/wp-json\/wp\/v2\/tags?post=170224"}],"curies":[{"name":"wp","href":"https:\/\/api.w.org\/{rel}","templated":true}]}}