{"id":170228,"date":"2020-05-19T06:40:57","date_gmt":"2020-05-19T09:40:57","guid":{"rendered":"https:\/\/www.caririemacao.com\/1\/?p=170228"},"modified":"2020-05-19T06:40:57","modified_gmt":"2020-05-19T09:40:57","slug":"em-entrevista-a-cnn-joao-azevedo-comenta-possibilidade-de-estender-o-auxilio-emergencial-e-defende-radicalizar-isolamento-para-diminuir-contagio-da-covid-19","status":"publish","type":"post","link":"https:\/\/www.caririemacao.com\/1\/2020\/05\/19\/em-entrevista-a-cnn-joao-azevedo-comenta-possibilidade-de-estender-o-auxilio-emergencial-e-defende-radicalizar-isolamento-para-diminuir-contagio-da-covid-19\/","title":{"rendered":"Em entrevista \u00e0 CNN, Jo\u00e3o Azev\u00eado comenta possibilidade de estender o aux\u00edlio emergencial e defende radicalizar isolamento para diminuir cont\u00e1gio da Covid-19"},"content":{"rendered":"\n<h1 class=\"wp-block-heading\"><\/h1>\n\n\n\n<p>Em entrevista \u00e0 CNN, na tarde desta segunda-feira (18), o governador&nbsp;Jo\u00e3o Azev\u00eado disse que a possibilidade de estender o aux\u00edlio emergencial vai depender do ritmo que a pandemia durar. Ele acredita que ainda \u00e9 cedo para falar em amplia\u00e7\u00e3o dessa contribui\u00e7\u00e3o, mas que caso haja uma dura\u00e7\u00e3o maior da pandemia, a amplia\u00e7\u00e3o do pagamento dever\u00e1 ser uma adotado pelo governo.&nbsp;&#8220;A amplia\u00e7\u00e3o do&nbsp;aux\u00edlio emergencial vai depender do que vai acontecer com o pa\u00eds e com cada estado&#8221;, afirmou.<\/p>\n\n\n\n<p>Jo\u00e3o ainda descordou da aplica\u00e7\u00e3o de lockdown e disse que o estado adotou a radicaliza\u00e7\u00e3o no isolamento&nbsp;para diminuir cont\u00e1gio da Covid-19.&nbsp;&#8220;Suspendemos as rodovi\u00e1rias e os transportes intermunicipal, a constru\u00e7\u00e3o civil em Jo\u00e3o Pessoa e Campina Grande, as bal\u00e7as entre o litoral, obrigatoriedade de m\u00e1scaras e multas para quem descumprir. N\u00f3s n\u00e3o fizemos o lookdown, mas radicalizamos as medidas&#8221;, esclareceu.&nbsp;<\/p>\n\n\n\n<p>Questionado sobre a pol\u00eamica em torno do uso da cloroquina, o&nbsp;governador tamb\u00e9m destacou o uso que vem sendo feito nos hospitais do estado.&#8221;Esse \u00e9 um medicamento que ainda n\u00e3o tem&nbsp;garantia da efic\u00e1cia. Entretando as aplica\u00e7\u00f5es em determinados casos espec\u00edficos j\u00e1 est\u00e3o sendo realizadas nos hospitais daqui com muita restri\u00e7\u00e3o j\u00e1 que as consequ\u00eancias ainda n\u00e3o desconhecidas.&nbsp;Seguimos a orienta\u00e7\u00e3o do protocolo estabelecido pela Secretaria de Sa\u00fade do Estado e do Minist\u00e9rio da Sa\u00fade&#8221;, refor\u00e7ou.&nbsp;<\/p>\n\n\n\n<p>Acerca da mudan\u00e7a de dois ministros da sa\u00fade em menos de um m\u00eas, Azev\u00eado diz ter esperan\u00e7a que um novo nome assuma o compromisso de trazer solu\u00e7\u00e3o para o caos gerado no pa\u00eds com a pandemia. &#8220;Eu espero que o novo ministro possa dialogar e como seria bom se n\u00f3s tivessemos uma fala \u00fanica para preservar a vida da popula\u00e7\u00e3o. Eu tor\u00e7o para que ele seja capaz de esquecer enfrentamento e que ele trate a pandemia como quest\u00e3o sanit\u00e1ria e n\u00e3o pol\u00edtica.&#8221;&nbsp;<\/p>\n","protected":false},"excerpt":{"rendered":"<p>Em entrevista \u00e0 CNN, na tarde desta segunda-feira (18), o governador&nbsp;Jo\u00e3o Azev\u00eado disse que a possibilidade de estender o aux\u00edlio emergencial vai depender do ritmo&hellip; <\/p>\n","protected":false},"author":2,"featured_media":170229,"comment_status":"closed","ping_status":"closed","sticky":false,"template":"","format":"standard","meta":{"sfsi_plus_gutenberg_text_before_share":"","sfsi_plus_gutenberg_show_text_before_share":"","sfsi_plus_gutenberg_icon_type":"","sfsi_plus_gutenberg_icon_alignemt":"","sfsi_plus_gutenburg_max_per_row":"","footnotes":""},"categories":[2],"tags":[],"class_list":["post-170228","post","type-post","status-publish","format-standard","has-post-thumbnail","hentry","category-geral"],"_links":{"self":[{"href":"https:\/\/www.caririemacao.com\/1\/wp-json\/wp\/v2\/posts\/170228","targetHints":{"allow":["GET"]}}],"collection":[{"href":"https:\/\/www.caririemacao.com\/1\/wp-json\/wp\/v2\/posts"}],"about":[{"href":"https:\/\/www.caririemacao.com\/1\/wp-json\/wp\/v2\/types\/post"}],"author":[{"embeddable":true,"href":"https:\/\/www.caririemacao.com\/1\/wp-json\/wp\/v2\/users\/2"}],"replies":[{"embeddable":true,"href":"https:\/\/www.caririemacao.com\/1\/wp-json\/wp\/v2\/comments?post=170228"}],"version-history":[{"count":1,"href":"https:\/\/www.caririemacao.com\/1\/wp-json\/wp\/v2\/posts\/170228\/revisions"}],"predecessor-version":[{"id":170230,"href":"https:\/\/www.caririemacao.com\/1\/wp-json\/wp\/v2\/posts\/170228\/revisions\/170230"}],"wp:featuredmedia":[{"embeddable":true,"href":"https:\/\/www.caririemacao.com\/1\/wp-json\/wp\/v2\/media\/170229"}],"wp:attachment":[{"href":"https:\/\/www.caririemacao.com\/1\/wp-json\/wp\/v2\/media?parent=170228"}],"wp:term":[{"taxonomy":"category","embeddable":true,"href":"https:\/\/www.caririemacao.com\/1\/wp-json\/wp\/v2\/categories?post=170228"},{"taxonomy":"post_tag","embeddable":true,"href":"https:\/\/www.caririemacao.com\/1\/wp-json\/wp\/v2\/tags?post=170228"}],"curies":[{"name":"wp","href":"https:\/\/api.w.org\/{rel}","templated":true}]}}