{"id":170232,"date":"2020-05-19T06:44:31","date_gmt":"2020-05-19T09:44:31","guid":{"rendered":"https:\/\/www.caririemacao.com\/1\/?p=170232"},"modified":"2020-05-19T06:44:31","modified_gmt":"2020-05-19T09:44:31","slug":"justica-da-paraiba-condena-ex-prefeito-de-piloes-que-devera-devolver-mais-de-r-100-mil-aos-cofres-publicos","status":"publish","type":"post","link":"https:\/\/www.caririemacao.com\/1\/2020\/05\/19\/justica-da-paraiba-condena-ex-prefeito-de-piloes-que-devera-devolver-mais-de-r-100-mil-aos-cofres-publicos\/","title":{"rendered":"Justi\u00e7a da Para\u00edba condena ex-prefeito de Pil\u00f5es, que dever\u00e1 devolver mais de R$ 100 mil aos cofres p\u00fablicos"},"content":{"rendered":"\n<h1 class=\"wp-block-heading\"><\/h1>\n\n\n\n<p>O ex-prefeito do Munic\u00edpio de Pil\u00f5es, F\u00e9lix Ant\u00f4nio Menezes da Cunha, foi condenado por ato de improbidade administrativa comprovadas durante sua gest\u00e3o. Na decis\u00e3o ele&nbsp;perdeu a fun\u00e7\u00e3o p\u00fablica que eventualmente esteja ocupando, teve suspenso os direitos pol\u00edticos por cinco anos, al\u00e9m de ressarcir&nbsp;integralmente, o montante de R$ 101.294,39, bem como uma&nbsp;multa civil correspondente a 10 vezes o valor da remunera\u00e7\u00e3o que percebia no encerramento do mandato e proibi\u00e7\u00e3o de contratar com o Poder P\u00fablico ou receber benef\u00edcios ou incentivos fiscais ou credit\u00edcios, pelo prazo de cinco anos.&nbsp;<\/p>\n\n\n\n<p>Na A\u00e7\u00e3o Civil P\u00fablica por Ato de Improbidade Administrativa, o Minist\u00e9rio P\u00fablico estadual relata que o ex-prefeito utilizou recursos do Regime Pr\u00f3prio de Previd\u00eancia Social (RPPS) para o pagamento de despesas administrativas nos exerc\u00edcios de 2009 e 2010, deixando de repassar as contribui\u00e7\u00f5es previdenci\u00e1rias patronais referentes ao per\u00edodo de agosto de 2009 a julho de 2012, irregularidades estas que impediram o Munic\u00edpio de Pil\u00f5es de obter o Certificado de Regularidade Previdenci\u00e1ria (CRP).<\/p>\n\n\n\n<p>A senten\u00e7a foi proferida pelo juiz Jailson Shizue Suassuna, durante o Mutir\u00e3o da Meta 4, do Conselho Nacional de Justi\u00e7a (CNJ), no \u00e2mbito do Judici\u00e1rio estadual.<\/p>\n\n\n\n<p>Na senten\u00e7a, o juiz Jailson Shizue considerou improcedente o argumento do ex-gestor de inexist\u00eancia de preju\u00edzos ao er\u00e1rio pelo fato de haver realizado o parcelamento mediante termo de acordo celebrado em 30\/07\/2012, abrangendo a parte patronal de agosto de 2009 a julho de 2012. &#8220;Importa anotar que o parcelamento assumido pela Municipalidade n\u00e3o afasta o dever do promovido de restituir os valores descontados dos servidores p\u00fablicos municipais e n\u00e3o repassados ao \u00f3rg\u00e3o competente&#8221;, destacou.<\/p>\n\n\n\n<p>Ainda conforme o magistrado, o atraso no repasse das diferen\u00e7as de contribui\u00e7\u00f5es previdenci\u00e1rias patronais restou incontroverso nos autos, n\u00e3o tendo amparo a alega\u00e7\u00e3o de que o Munic\u00edpio de Pil\u00f5es, encravado no Brejo paraibano, sofreu com a seca e os efeitos da estiagem, no exerc\u00edcio financeiro do ano de 2012, o que exigiu do gestor a decreta\u00e7\u00e3o do estado de calamidade p\u00fablica e emerg\u00eancia.<\/p>\n\n\n\n<p>&#8220;No caso dos autos, houve enorme des\u00eddia do demandado ao ignorar a necessidade de pagamento das contribui\u00e7\u00f5es previdenci\u00e1rias no tempo determinado, deixando, portanto, de atentar-se aos princ\u00edpios da legalidade, moralidade e efici\u00eancia do administrador p\u00fablico, al\u00e9m de causar enorme preju\u00edzo aos cofres do Munic\u00edpio de Pil\u00f5es. Assim, n\u00e3o h\u00e1 d\u00favidas da ocorr\u00eancia da pr\u00e1tica de ato de improbidade administrativa praticado pelo demandado, tipificado nos artigos 10 e 11 da Lei n\u00ba 8.429\/92&#8221;, ressaltou o juiz.<\/p>\n\n\n\n<p>Da decis\u00e3o cabe recurso.<\/p>\n","protected":false},"excerpt":{"rendered":"<p>O ex-prefeito do Munic\u00edpio de Pil\u00f5es, F\u00e9lix Ant\u00f4nio Menezes da Cunha, foi condenado por ato de improbidade administrativa comprovadas durante sua gest\u00e3o. Na decis\u00e3o ele&nbsp;perdeu&hellip; <\/p>\n","protected":false},"author":2,"featured_media":170233,"comment_status":"closed","ping_status":"closed","sticky":false,"template":"","format":"standard","meta":{"sfsi_plus_gutenberg_text_before_share":"","sfsi_plus_gutenberg_show_text_before_share":"","sfsi_plus_gutenberg_icon_type":"","sfsi_plus_gutenberg_icon_alignemt":"","sfsi_plus_gutenburg_max_per_row":"","footnotes":""},"categories":[2],"tags":[],"class_list":["post-170232","post","type-post","status-publish","format-standard","has-post-thumbnail","hentry","category-geral"],"_links":{"self":[{"href":"https:\/\/www.caririemacao.com\/1\/wp-json\/wp\/v2\/posts\/170232","targetHints":{"allow":["GET"]}}],"collection":[{"href":"https:\/\/www.caririemacao.com\/1\/wp-json\/wp\/v2\/posts"}],"about":[{"href":"https:\/\/www.caririemacao.com\/1\/wp-json\/wp\/v2\/types\/post"}],"author":[{"embeddable":true,"href":"https:\/\/www.caririemacao.com\/1\/wp-json\/wp\/v2\/users\/2"}],"replies":[{"embeddable":true,"href":"https:\/\/www.caririemacao.com\/1\/wp-json\/wp\/v2\/comments?post=170232"}],"version-history":[{"count":1,"href":"https:\/\/www.caririemacao.com\/1\/wp-json\/wp\/v2\/posts\/170232\/revisions"}],"predecessor-version":[{"id":170234,"href":"https:\/\/www.caririemacao.com\/1\/wp-json\/wp\/v2\/posts\/170232\/revisions\/170234"}],"wp:featuredmedia":[{"embeddable":true,"href":"https:\/\/www.caririemacao.com\/1\/wp-json\/wp\/v2\/media\/170233"}],"wp:attachment":[{"href":"https:\/\/www.caririemacao.com\/1\/wp-json\/wp\/v2\/media?parent=170232"}],"wp:term":[{"taxonomy":"category","embeddable":true,"href":"https:\/\/www.caririemacao.com\/1\/wp-json\/wp\/v2\/categories?post=170232"},{"taxonomy":"post_tag","embeddable":true,"href":"https:\/\/www.caririemacao.com\/1\/wp-json\/wp\/v2\/tags?post=170232"}],"curies":[{"name":"wp","href":"https:\/\/api.w.org\/{rel}","templated":true}]}}