{"id":170241,"date":"2020-05-19T06:50:37","date_gmt":"2020-05-19T09:50:37","guid":{"rendered":"https:\/\/www.caririemacao.com\/1\/?p=170241"},"modified":"2020-05-19T06:50:37","modified_gmt":"2020-05-19T09:50:37","slug":"sume-prefeito-eden-duarte-realiza-live-nesta-terca-feira","status":"publish","type":"post","link":"https:\/\/www.caririemacao.com\/1\/2020\/05\/19\/sume-prefeito-eden-duarte-realiza-live-nesta-terca-feira\/","title":{"rendered":"Sum\u00e9: Prefeito \u00c9den Duarte realiza live nesta ter\u00e7a-feira"},"content":{"rendered":"\n<h1 class=\"wp-block-heading\"><\/h1>\n\n\n\n<p>O prefeito de Sum\u00e9, no cariri paraibano, \u00c9den Duarte (PL), realiza nesta ter\u00e7a-feira (19), uma transmiss\u00e3o ao vivo em sua&nbsp;<a href=\"https:\/\/www.facebook.com\/eden.duarte.7?__tn__=%2CdK*F-R&amp;eid=ARAlc5C_50LXv0hc5Iwev5T50FFCbCv-IaQOdOV9db8MQ7U2FJTJYFw9ULNXGBuKs0A-WXvhjfnbo-ZC\"><strong>p\u00e1gina oficial no Facebook<\/strong><\/a>, \u00e0s 20h.<\/p>\n\n\n\n<p>O gestor vai destacar todas as a\u00e7\u00f5es que o Executivo Municipal tem aplicado no munic\u00edpio para evitar contamina\u00e7\u00e3o por COVID-19 na cidade.<\/p>\n\n\n\n<p>\u00c9den ainda destacar\u00e1 as a\u00e7\u00f5es que vem sendo realizada pela administra\u00e7\u00e3o. Na transmiss\u00e3o o gestor responder\u00e1 perguntas dos internautas.<\/p>\n\n\n\n<p><strong><em>Not\u00edcias em Destaque<\/em><\/strong><\/p>\n","protected":false},"excerpt":{"rendered":"<p>O prefeito de Sum\u00e9, no cariri paraibano, \u00c9den Duarte (PL), realiza nesta ter\u00e7a-feira (19), uma transmiss\u00e3o ao vivo em sua&nbsp;p\u00e1gina oficial no Facebook, \u00e0s 20h.&hellip; <\/p>\n","protected":false},"author":2,"featured_media":170242,"comment_status":"closed","ping_status":"closed","sticky":false,"template":"","format":"standard","meta":{"sfsi_plus_gutenberg_text_before_share":"","sfsi_plus_gutenberg_show_text_before_share":"","sfsi_plus_gutenberg_icon_type":"","sfsi_plus_gutenberg_icon_alignemt":"","sfsi_plus_gutenburg_max_per_row":"","footnotes":""},"categories":[50,2],"tags":[],"class_list":["post-170241","post","type-post","status-publish","format-standard","has-post-thumbnail","hentry","category-destaque","category-geral"],"_links":{"self":[{"href":"https:\/\/www.caririemacao.com\/1\/wp-json\/wp\/v2\/posts\/170241","targetHints":{"allow":["GET"]}}],"collection":[{"href":"https:\/\/www.caririemacao.com\/1\/wp-json\/wp\/v2\/posts"}],"about":[{"href":"https:\/\/www.caririemacao.com\/1\/wp-json\/wp\/v2\/types\/post"}],"author":[{"embeddable":true,"href":"https:\/\/www.caririemacao.com\/1\/wp-json\/wp\/v2\/users\/2"}],"replies":[{"embeddable":true,"href":"https:\/\/www.caririemacao.com\/1\/wp-json\/wp\/v2\/comments?post=170241"}],"version-history":[{"count":1,"href":"https:\/\/www.caririemacao.com\/1\/wp-json\/wp\/v2\/posts\/170241\/revisions"}],"predecessor-version":[{"id":170243,"href":"https:\/\/www.caririemacao.com\/1\/wp-json\/wp\/v2\/posts\/170241\/revisions\/170243"}],"wp:featuredmedia":[{"embeddable":true,"href":"https:\/\/www.caririemacao.com\/1\/wp-json\/wp\/v2\/media\/170242"}],"wp:attachment":[{"href":"https:\/\/www.caririemacao.com\/1\/wp-json\/wp\/v2\/media?parent=170241"}],"wp:term":[{"taxonomy":"category","embeddable":true,"href":"https:\/\/www.caririemacao.com\/1\/wp-json\/wp\/v2\/categories?post=170241"},{"taxonomy":"post_tag","embeddable":true,"href":"https:\/\/www.caririemacao.com\/1\/wp-json\/wp\/v2\/tags?post=170241"}],"curies":[{"name":"wp","href":"https:\/\/api.w.org\/{rel}","templated":true}]}}