{"id":170245,"date":"2020-05-19T06:54:06","date_gmt":"2020-05-19T09:54:06","guid":{"rendered":"https:\/\/www.caririemacao.com\/1\/?p=170245"},"modified":"2020-05-19T06:54:06","modified_gmt":"2020-05-19T09:54:06","slug":"senado-federal-deve-votar-adiamento-do-enem-nesta-terca","status":"publish","type":"post","link":"https:\/\/www.caririemacao.com\/1\/2020\/05\/19\/senado-federal-deve-votar-adiamento-do-enem-nesta-terca\/","title":{"rendered":"Senado Federal deve votar adiamento do Enem nesta ter\u00e7a"},"content":{"rendered":"\n<h1 class=\"wp-block-heading\"><\/h1>\n\n\n\n<p>O Senado Federal pode votar nesta ter\u00e7a-feira (19) o adiamento do Enem (Exame Nacional do Ensino M\u00e9dio) em decorr\u00eancia da pandemia do&nbsp;<a href=\"https:\/\/www.r7.com\/\" target=\"_blank\" rel=\"noreferrer noopener\"><strong>novo coronav\u00edrus.<\/strong><\/a><\/p>\n\n\n\n<p>Os parlamentares elaboraram um novo calend\u00e1rio das sess\u00f5es deliberativas remotas em reuni\u00e3o virtual nesta segunda-feira (18). Est\u00e1 prevista a an\u00e1lise para esta ter\u00e7a de quatro temas, entre eles, o adiamento do Enem.<\/p>\n\n\n\n<p>De autoria da senadora Daniela Ribeiro (PP-PB), o projeto prev\u00ea a prorroga\u00e7\u00e3o autom\u00e1tica de prazo para provas, exames e demais atividades de acesso ao ensino superior em caso de reconhecimento de estado de calamidade.<\/p>\n\n\n\n<p>\u201cA realiza\u00e7\u00e3o do Enem 2020 digital confronta irremediavelmente a igualdade de oportunidades e concorr\u00eancia entre os candidatos, principalmente se voltarmos nossas aten\u00e7\u00f5es \u00e0s condi\u00e7\u00f5es operacionais t\u00e3o d\u00edspares entre alunos das institui\u00e7\u00f5es de ensino da rede p\u00fablica em rela\u00e7\u00e3o \u00e0s oferecidas pela iniciativa privada\u201d, justifica Ribeiro.<\/p>\n\n\n\n<p>Inicialmente, est\u00e1 prevista&nbsp;para os&nbsp;<a href=\"https:\/\/noticias.r7.com\/educacao\/enem-2020-data-nao-e-imutavel-diz-inep-em-comunicado-18052020\" target=\"_blank\" rel=\"noreferrer noopener\"><strong>dias 1\u00ba e 8 de novembro<\/strong><\/a>&nbsp;a vers\u00e3o impressa. J\u00e1 a aplica\u00e7\u00e3o das provas digitais foi alterada para os dias para os dias 22 e 29 do mesmo m\u00eas.<\/p>\n","protected":false},"excerpt":{"rendered":"<p>O Senado Federal pode votar nesta ter\u00e7a-feira (19) o adiamento do Enem (Exame Nacional do Ensino M\u00e9dio) em decorr\u00eancia da pandemia do&nbsp;novo coronav\u00edrus. Os parlamentares&hellip; <\/p>\n","protected":false},"author":2,"featured_media":170246,"comment_status":"closed","ping_status":"closed","sticky":false,"template":"","format":"standard","meta":{"sfsi_plus_gutenberg_text_before_share":"","sfsi_plus_gutenberg_show_text_before_share":"","sfsi_plus_gutenberg_icon_type":"","sfsi_plus_gutenberg_icon_alignemt":"","sfsi_plus_gutenburg_max_per_row":"","footnotes":""},"categories":[2],"tags":[],"class_list":["post-170245","post","type-post","status-publish","format-standard","has-post-thumbnail","hentry","category-geral"],"_links":{"self":[{"href":"https:\/\/www.caririemacao.com\/1\/wp-json\/wp\/v2\/posts\/170245","targetHints":{"allow":["GET"]}}],"collection":[{"href":"https:\/\/www.caririemacao.com\/1\/wp-json\/wp\/v2\/posts"}],"about":[{"href":"https:\/\/www.caririemacao.com\/1\/wp-json\/wp\/v2\/types\/post"}],"author":[{"embeddable":true,"href":"https:\/\/www.caririemacao.com\/1\/wp-json\/wp\/v2\/users\/2"}],"replies":[{"embeddable":true,"href":"https:\/\/www.caririemacao.com\/1\/wp-json\/wp\/v2\/comments?post=170245"}],"version-history":[{"count":1,"href":"https:\/\/www.caririemacao.com\/1\/wp-json\/wp\/v2\/posts\/170245\/revisions"}],"predecessor-version":[{"id":170247,"href":"https:\/\/www.caririemacao.com\/1\/wp-json\/wp\/v2\/posts\/170245\/revisions\/170247"}],"wp:featuredmedia":[{"embeddable":true,"href":"https:\/\/www.caririemacao.com\/1\/wp-json\/wp\/v2\/media\/170246"}],"wp:attachment":[{"href":"https:\/\/www.caririemacao.com\/1\/wp-json\/wp\/v2\/media?parent=170245"}],"wp:term":[{"taxonomy":"category","embeddable":true,"href":"https:\/\/www.caririemacao.com\/1\/wp-json\/wp\/v2\/categories?post=170245"},{"taxonomy":"post_tag","embeddable":true,"href":"https:\/\/www.caririemacao.com\/1\/wp-json\/wp\/v2\/tags?post=170245"}],"curies":[{"name":"wp","href":"https:\/\/api.w.org\/{rel}","templated":true}]}}