{"id":170254,"date":"2020-05-19T07:01:42","date_gmt":"2020-05-19T10:01:42","guid":{"rendered":"https:\/\/www.caririemacao.com\/1\/?p=170254"},"modified":"2020-05-19T07:01:42","modified_gmt":"2020-05-19T10:01:42","slug":"secretaria-de-saude-de-monteiro-confirma-dois-novos-casos-de-covid-19-no-municipio","status":"publish","type":"post","link":"https:\/\/www.caririemacao.com\/1\/2020\/05\/19\/secretaria-de-saude-de-monteiro-confirma-dois-novos-casos-de-covid-19-no-municipio\/","title":{"rendered":"Secretaria de Sa\u00fade de Monteiro confirma dois novos casos de Covid-19 no munic\u00edpio"},"content":{"rendered":"\n<h1 class=\"wp-block-heading\"><\/h1>\n\n\n\n<hr class=\"wp-block-separator\"\/>\n\n\n\n<p>A Secretaria Municipal de Sa\u00fade de Monteiro informa sobre mais dois novos casos de COVID 19 diagnosticados nesta segunda-feira, 18.<\/p>\n\n\n\n<p>Trata-se de um paciente, sexo masculino, 30 anos e uma paciente, sexo feminino, 50 anos. Foram notificados e submetidos a testagem r\u00e1pida, com resultado POSITIVO.<\/p>\n\n\n\n<p>Ambos est\u00e3o em isolamento domiciliar.<\/p>\n\n\n\n<p>A Secretaria Municipal de Sa\u00fade chama aten\u00e7\u00e3o da popula\u00e7\u00e3o por se tratarem de casos de transmiss\u00e3o comunit\u00e1ria, ou seja, o v\u00edrus circula dentro da cidade.<\/p>\n\n\n\n<p>Isso torna cada vez mais importante seguir as orienta\u00e7\u00f5es do distanciamento social e demais medidas apresentadas pela Vigil\u00e2ncia.<\/p>\n\n\n\n<p>Esclarecimento:<br>A Prefeitura de Monteiro e a Secretaria de Sa\u00fade informam que os nomes e bairros dos pacientes testados positivos para Covid-19 n\u00e3o s\u00e3o divulgados por quest\u00f5es \u00e9ticas.<\/p>\n\n\n\n<p>\u201cOs boletins informativos sobre os casos de Covid no munic\u00edpio s\u00e3o elaborados de forma totalmente transparente, mas, de toda forma tentando preservar ao m\u00e1ximo as pessoas que descobrem o diagn\u00f3stico\u201d, comenta a secret\u00e1ria Paula Oliveira<\/p>\n","protected":false},"excerpt":{"rendered":"<p>A Secretaria Municipal de Sa\u00fade de Monteiro informa sobre mais dois novos casos de COVID 19 diagnosticados nesta segunda-feira, 18. Trata-se de um paciente, sexo&hellip; <\/p>\n","protected":false},"author":2,"featured_media":170255,"comment_status":"closed","ping_status":"closed","sticky":false,"template":"","format":"standard","meta":{"sfsi_plus_gutenberg_text_before_share":"","sfsi_plus_gutenberg_show_text_before_share":"","sfsi_plus_gutenberg_icon_type":"","sfsi_plus_gutenberg_icon_alignemt":"","sfsi_plus_gutenburg_max_per_row":"","footnotes":""},"categories":[2],"tags":[],"class_list":["post-170254","post","type-post","status-publish","format-standard","has-post-thumbnail","hentry","category-geral"],"_links":{"self":[{"href":"https:\/\/www.caririemacao.com\/1\/wp-json\/wp\/v2\/posts\/170254","targetHints":{"allow":["GET"]}}],"collection":[{"href":"https:\/\/www.caririemacao.com\/1\/wp-json\/wp\/v2\/posts"}],"about":[{"href":"https:\/\/www.caririemacao.com\/1\/wp-json\/wp\/v2\/types\/post"}],"author":[{"embeddable":true,"href":"https:\/\/www.caririemacao.com\/1\/wp-json\/wp\/v2\/users\/2"}],"replies":[{"embeddable":true,"href":"https:\/\/www.caririemacao.com\/1\/wp-json\/wp\/v2\/comments?post=170254"}],"version-history":[{"count":1,"href":"https:\/\/www.caririemacao.com\/1\/wp-json\/wp\/v2\/posts\/170254\/revisions"}],"predecessor-version":[{"id":170256,"href":"https:\/\/www.caririemacao.com\/1\/wp-json\/wp\/v2\/posts\/170254\/revisions\/170256"}],"wp:featuredmedia":[{"embeddable":true,"href":"https:\/\/www.caririemacao.com\/1\/wp-json\/wp\/v2\/media\/170255"}],"wp:attachment":[{"href":"https:\/\/www.caririemacao.com\/1\/wp-json\/wp\/v2\/media?parent=170254"}],"wp:term":[{"taxonomy":"category","embeddable":true,"href":"https:\/\/www.caririemacao.com\/1\/wp-json\/wp\/v2\/categories?post=170254"},{"taxonomy":"post_tag","embeddable":true,"href":"https:\/\/www.caririemacao.com\/1\/wp-json\/wp\/v2\/tags?post=170254"}],"curies":[{"name":"wp","href":"https:\/\/api.w.org\/{rel}","templated":true}]}}