{"id":170258,"date":"2020-05-19T07:04:03","date_gmt":"2020-05-19T10:04:03","guid":{"rendered":"https:\/\/www.caririemacao.com\/1\/?p=170258"},"modified":"2020-05-19T07:04:03","modified_gmt":"2020-05-19T10:04:03","slug":"covid-19-a-pedido-do-mpf-justica-destina-recursos-para-a-secretaria-de-saude-de-monteiro","status":"publish","type":"post","link":"https:\/\/www.caririemacao.com\/1\/2020\/05\/19\/covid-19-a-pedido-do-mpf-justica-destina-recursos-para-a-secretaria-de-saude-de-monteiro\/","title":{"rendered":"Covid-19: A pedido do MPF, Justi\u00e7a destina recursos para a Secretaria de Sa\u00fade de Monteiro"},"content":{"rendered":"\n<h1 class=\"wp-block-heading\"><\/h1>\n\n\n\n<p><\/p>\n\n\n\n<hr class=\"wp-block-separator\"\/>\n\n\n\n<p>O Minist\u00e9rio P\u00fablico Federal (MPF) atrav\u00e9s do Juiz Federal &nbsp;da 11\u00aa Vara, &nbsp;Rodrigo Maia da Fonte, autorizou a Procuradora Federal Janaina Andrade de Sousa a liberar uma quantia que estava depositada em conta judicial, para auxiliar a prefeitura de Monteiro, no Cariri paraibano, nas a\u00e7\u00f5es de combate \u00e0 pandemia de coronav\u00edrus.<\/p>\n\n\n\n<p>Os recursos, no valor de R$ 19.283,60 ser\u00e3o utilizados pela Secretaria municipal de Sa\u00fade &nbsp;na aquisi\u00e7\u00e3o de equipamentos de prote\u00e7\u00e3o, insumos, medicamentos e material de limpeza e higiene.<\/p>\n\n\n\n<p>\u201cO valor dos recursos s\u00e3o provenientes do cumprimento de penas de presta\u00e7\u00e3o pecuni\u00e1ria, transa\u00e7\u00e3o penal e suspens\u00e3o condicional do processo nas a\u00e7\u00f5es criminais e recebemos &nbsp;para a destina\u00e7\u00e3o &nbsp;da aquisi\u00e7\u00e3o de materiais e equipamentos m\u00e9dicos a serem utilizados pelos profissionais da sa\u00fade no combate da pandemia Covid-19\u2033, informa a secret\u00e1ria da pasta, Paula Oliveira.<\/p>\n","protected":false},"excerpt":{"rendered":"<p>O Minist\u00e9rio P\u00fablico Federal (MPF) atrav\u00e9s do Juiz Federal &nbsp;da 11\u00aa Vara, &nbsp;Rodrigo Maia da Fonte, autorizou a Procuradora Federal Janaina Andrade de Sousa a&hellip; <\/p>\n","protected":false},"author":2,"featured_media":170259,"comment_status":"closed","ping_status":"closed","sticky":false,"template":"","format":"standard","meta":{"sfsi_plus_gutenberg_text_before_share":"","sfsi_plus_gutenberg_show_text_before_share":"","sfsi_plus_gutenberg_icon_type":"","sfsi_plus_gutenberg_icon_alignemt":"","sfsi_plus_gutenburg_max_per_row":"","footnotes":""},"categories":[2],"tags":[],"class_list":["post-170258","post","type-post","status-publish","format-standard","has-post-thumbnail","hentry","category-geral"],"_links":{"self":[{"href":"https:\/\/www.caririemacao.com\/1\/wp-json\/wp\/v2\/posts\/170258","targetHints":{"allow":["GET"]}}],"collection":[{"href":"https:\/\/www.caririemacao.com\/1\/wp-json\/wp\/v2\/posts"}],"about":[{"href":"https:\/\/www.caririemacao.com\/1\/wp-json\/wp\/v2\/types\/post"}],"author":[{"embeddable":true,"href":"https:\/\/www.caririemacao.com\/1\/wp-json\/wp\/v2\/users\/2"}],"replies":[{"embeddable":true,"href":"https:\/\/www.caririemacao.com\/1\/wp-json\/wp\/v2\/comments?post=170258"}],"version-history":[{"count":1,"href":"https:\/\/www.caririemacao.com\/1\/wp-json\/wp\/v2\/posts\/170258\/revisions"}],"predecessor-version":[{"id":170260,"href":"https:\/\/www.caririemacao.com\/1\/wp-json\/wp\/v2\/posts\/170258\/revisions\/170260"}],"wp:featuredmedia":[{"embeddable":true,"href":"https:\/\/www.caririemacao.com\/1\/wp-json\/wp\/v2\/media\/170259"}],"wp:attachment":[{"href":"https:\/\/www.caririemacao.com\/1\/wp-json\/wp\/v2\/media?parent=170258"}],"wp:term":[{"taxonomy":"category","embeddable":true,"href":"https:\/\/www.caririemacao.com\/1\/wp-json\/wp\/v2\/categories?post=170258"},{"taxonomy":"post_tag","embeddable":true,"href":"https:\/\/www.caririemacao.com\/1\/wp-json\/wp\/v2\/tags?post=170258"}],"curies":[{"name":"wp","href":"https:\/\/api.w.org\/{rel}","templated":true}]}}