{"id":170263,"date":"2020-05-19T07:09:15","date_gmt":"2020-05-19T10:09:15","guid":{"rendered":"https:\/\/www.caririemacao.com\/1\/?p=170263"},"modified":"2020-05-19T07:09:15","modified_gmt":"2020-05-19T10:09:15","slug":"governadores-confirmam-reuniao-com-bolsonaro-stf-e-congresso-na-proxima-5a-feira-diz-azevedo","status":"publish","type":"post","link":"https:\/\/www.caririemacao.com\/1\/2020\/05\/19\/governadores-confirmam-reuniao-com-bolsonaro-stf-e-congresso-na-proxima-5a-feira-diz-azevedo\/","title":{"rendered":"Governadores confirmam reuni\u00e3o com Bolsonaro, STF e Congresso na pr\u00f3xima 5\u00aa feira, diz Azev\u00eado"},"content":{"rendered":"\n<h3 class=\"wp-block-heading\"><\/h3>\n\n\n\n<p><\/p>\n\n\n\n<hr class=\"wp-block-separator\"\/>\n\n\n\n<p>\u00c9 alta a expectativa sobre nova reuni\u00e3o anunciada pelo l\u00edder do Governo no Senado, Fernando Bezerra Coelho, confirmada nesta 2a feira pelo governador Jo\u00e3o Azev\u00eado, da Para\u00edba, com a participa\u00e7\u00e3o do presidente Jair Bolsonaro, os governadores, al\u00e9m de representantes do Congresso Nacional e STF.<\/p>\n\n\n\n<p>\u2013 A videoconfer\u00eancia est\u00e1 programada para a pr\u00f3xima quinta-feira \u2013 informou. Na Pauta retardamento nas decis\u00f5es do COVID e san\u00e7\u00e3o do Socorro aos Estados e Munic\u00edpios.<\/p>\n\n\n\n<p>De acordo com informa\u00e7\u00f5es adicionais, a partir do l\u00edder, o principal assunto da reuni\u00e3o ser\u00e1 os vetos que Bolsonaro pretende fazer em rela\u00e7\u00e3o ao projeto de aux\u00edlio financeiro aos estados. Os governadores t\u00eam posi\u00e7\u00e3o diferente do Ministro da Economia, Paulo Guedes.<\/p>\n\n\n\n<p>O ministro orientou que Bolsonaro fizesse vetos ao projeto aprovado no Congresso. Maia e Alcolumbre sinalizaram que as Casas podem derrubar os vetos de Bolsonaro, se ocorrerem.<br>Pela pauta em discuss\u00e3o entre os governadores, eles v\u00e3o pedir urg\u00eancia.<\/p>\n","protected":false},"excerpt":{"rendered":"<p>\u00c9 alta a expectativa sobre nova reuni\u00e3o anunciada pelo l\u00edder do Governo no Senado, Fernando Bezerra Coelho, confirmada nesta 2a feira pelo governador Jo\u00e3o Azev\u00eado,&hellip; <\/p>\n","protected":false},"author":2,"featured_media":170264,"comment_status":"closed","ping_status":"closed","sticky":false,"template":"","format":"standard","meta":{"sfsi_plus_gutenberg_text_before_share":"","sfsi_plus_gutenberg_show_text_before_share":"","sfsi_plus_gutenberg_icon_type":"","sfsi_plus_gutenberg_icon_alignemt":"","sfsi_plus_gutenburg_max_per_row":"","footnotes":""},"categories":[2],"tags":[],"class_list":["post-170263","post","type-post","status-publish","format-standard","has-post-thumbnail","hentry","category-geral"],"_links":{"self":[{"href":"https:\/\/www.caririemacao.com\/1\/wp-json\/wp\/v2\/posts\/170263","targetHints":{"allow":["GET"]}}],"collection":[{"href":"https:\/\/www.caririemacao.com\/1\/wp-json\/wp\/v2\/posts"}],"about":[{"href":"https:\/\/www.caririemacao.com\/1\/wp-json\/wp\/v2\/types\/post"}],"author":[{"embeddable":true,"href":"https:\/\/www.caririemacao.com\/1\/wp-json\/wp\/v2\/users\/2"}],"replies":[{"embeddable":true,"href":"https:\/\/www.caririemacao.com\/1\/wp-json\/wp\/v2\/comments?post=170263"}],"version-history":[{"count":1,"href":"https:\/\/www.caririemacao.com\/1\/wp-json\/wp\/v2\/posts\/170263\/revisions"}],"predecessor-version":[{"id":170265,"href":"https:\/\/www.caririemacao.com\/1\/wp-json\/wp\/v2\/posts\/170263\/revisions\/170265"}],"wp:featuredmedia":[{"embeddable":true,"href":"https:\/\/www.caririemacao.com\/1\/wp-json\/wp\/v2\/media\/170264"}],"wp:attachment":[{"href":"https:\/\/www.caririemacao.com\/1\/wp-json\/wp\/v2\/media?parent=170263"}],"wp:term":[{"taxonomy":"category","embeddable":true,"href":"https:\/\/www.caririemacao.com\/1\/wp-json\/wp\/v2\/categories?post=170263"},{"taxonomy":"post_tag","embeddable":true,"href":"https:\/\/www.caririemacao.com\/1\/wp-json\/wp\/v2\/tags?post=170263"}],"curies":[{"name":"wp","href":"https:\/\/api.w.org\/{rel}","templated":true}]}}