{"id":170267,"date":"2020-05-19T07:11:41","date_gmt":"2020-05-19T10:11:41","guid":{"rendered":"https:\/\/www.caririemacao.com\/1\/?p=170267"},"modified":"2020-05-19T07:11:41","modified_gmt":"2020-05-19T10:11:41","slug":"trf-3-rejeita-denuncia-da-lava-jato-contra-lula","status":"publish","type":"post","link":"https:\/\/www.caririemacao.com\/1\/2020\/05\/19\/trf-3-rejeita-denuncia-da-lava-jato-contra-lula\/","title":{"rendered":"TRF-3 rejeita den\u00fancia da Lava Jato contra Lula"},"content":{"rendered":"\n<h3 class=\"wp-block-heading\"><\/h3>\n\n\n\n<p><\/p>\n\n\n\n<hr class=\"wp-block-separator\"\/>\n\n\n\n<p>O TRF-3 rejeitou nesta segunda-feira (18), por unanimidade, den\u00fancia por parte da for\u00e7a-tarefa da Lava-Jato de S\u00e3o Paulo contra o ex-presidente Lula.<\/p>\n\n\n\n<p>O irm\u00e3o de Lula, Frei Chico, era apontado como benefici\u00e1rios de \u201cmesada\u201d da Odebrecht. Os desembargadores da 5a Turma decidiram, que n\u00e3o h\u00e1 elementos para abertura de uma a\u00e7\u00e3o penal relativa a esse fato.<\/p>\n\n\n\n<p>Em nota, a defesa de Lula afirmou que a decis\u00e3o do Tribunal \u00e9 pedag\u00f3gica. \u201cA decis\u00e3o do TRF3 prestigia o devido processo legal e refor\u00e7a a inoc\u00eancia de Lula e excepcionalidade dos processos contra o ex-presidente conduzidos a partir da 13\u00ba Vara Federal de Curitiba\u201d.<\/p>\n\n\n\n<p><strong>Leia a nota da defesa do ex-presidente na \u00edntegra:<\/strong><\/p>\n\n\n\n<p><em>\u2018\u00c9 pedag\u00f3gica a decis\u00e3o proferida hoje (18\/05) pelo TRF3 que, tal como havia decidido o juiz de primeiro grau, rejeitou sumariamente, por aus\u00eancia de suporte probat\u00f3rio m\u00ednimo, uma acusa\u00e7\u00e3o absurda contra ao ex-presidente Lula feita pela For\u00e7a Tarefa da Lava Jato de S\u00e3o Paulo (Recurso em Sentido Estrito n\u00ba 0008455-20.2017.4.03.6181\/SP).<\/em><\/p>\n\n\n\n<p><em>A imagin\u00e1ria acusa\u00e7\u00e3o da Lava Jato buscava o processamento de uma a\u00e7\u00e3o penal contra Lula sob a alega\u00e7\u00e3o de que seu irm\u00e3o, Frei Chico, teria recebido valores da Odebrecht como suposta contrapartida \u201cobter benef\u00edcios junto ao novo mandat\u00e1rio do Poder Executivo Federal\u201d.<\/em><\/p>\n\n\n\n<p><em>O juiz de primeiro grau j\u00e1 havia rejeitado de plano a acusa\u00e7\u00e3o, que segue o padr\u00e3o da Lava Jato contra Lula, baseado exclusivamente na palavra de delatores, afirmando que: \u201cN\u00e3o seria preciso ter agu\u00e7ado senso de justi\u00e7a, bastando de um pouco de bom senso para perceber que a acusa\u00e7\u00e3o est\u00e1 lastreada em interpreta\u00e7\u00f5es e um amontoado de suposi\u00e7\u00f5es\u201d.<\/em><\/p>\n\n\n\n<p><em>A decis\u00e3o do TRF3 prestigia o devido processo legal e refor\u00e7a a inoc\u00eancia de Lula e excepcionalidade dos processos contra o ex-presidente conduzidos a partir da 13\u00ba Vara Federal de Curitiba. \u00c9 mais uma vit\u00f3ria de Lula na Justi\u00e7a que mostra a necessidade de ser julgado o Habeas Corpus que aponta a suspei\u00e7\u00e3o do ex-juiz S\u00e9rgio Moro e a declara\u00e7\u00e3o da nulidade de todos os processos que ele tenha atuado contra Lula<\/em><\/p>\n","protected":false},"excerpt":{"rendered":"<p>O TRF-3 rejeitou nesta segunda-feira (18), por unanimidade, den\u00fancia por parte da for\u00e7a-tarefa da Lava-Jato de S\u00e3o Paulo contra o ex-presidente Lula. O irm\u00e3o de&hellip; <\/p>\n","protected":false},"author":2,"featured_media":170269,"comment_status":"closed","ping_status":"closed","sticky":false,"template":"","format":"standard","meta":{"sfsi_plus_gutenberg_text_before_share":"","sfsi_plus_gutenberg_show_text_before_share":"","sfsi_plus_gutenberg_icon_type":"","sfsi_plus_gutenberg_icon_alignemt":"","sfsi_plus_gutenburg_max_per_row":"","footnotes":""},"categories":[2],"tags":[],"class_list":["post-170267","post","type-post","status-publish","format-standard","has-post-thumbnail","hentry","category-geral"],"_links":{"self":[{"href":"https:\/\/www.caririemacao.com\/1\/wp-json\/wp\/v2\/posts\/170267","targetHints":{"allow":["GET"]}}],"collection":[{"href":"https:\/\/www.caririemacao.com\/1\/wp-json\/wp\/v2\/posts"}],"about":[{"href":"https:\/\/www.caririemacao.com\/1\/wp-json\/wp\/v2\/types\/post"}],"author":[{"embeddable":true,"href":"https:\/\/www.caririemacao.com\/1\/wp-json\/wp\/v2\/users\/2"}],"replies":[{"embeddable":true,"href":"https:\/\/www.caririemacao.com\/1\/wp-json\/wp\/v2\/comments?post=170267"}],"version-history":[{"count":1,"href":"https:\/\/www.caririemacao.com\/1\/wp-json\/wp\/v2\/posts\/170267\/revisions"}],"predecessor-version":[{"id":170270,"href":"https:\/\/www.caririemacao.com\/1\/wp-json\/wp\/v2\/posts\/170267\/revisions\/170270"}],"wp:featuredmedia":[{"embeddable":true,"href":"https:\/\/www.caririemacao.com\/1\/wp-json\/wp\/v2\/media\/170269"}],"wp:attachment":[{"href":"https:\/\/www.caririemacao.com\/1\/wp-json\/wp\/v2\/media?parent=170267"}],"wp:term":[{"taxonomy":"category","embeddable":true,"href":"https:\/\/www.caririemacao.com\/1\/wp-json\/wp\/v2\/categories?post=170267"},{"taxonomy":"post_tag","embeddable":true,"href":"https:\/\/www.caririemacao.com\/1\/wp-json\/wp\/v2\/tags?post=170267"}],"curies":[{"name":"wp","href":"https:\/\/api.w.org\/{rel}","templated":true}]}}