{"id":170282,"date":"2020-05-19T07:17:42","date_gmt":"2020-05-19T10:17:42","guid":{"rendered":"https:\/\/www.caririemacao.com\/1\/?p=170282"},"modified":"2020-05-19T07:17:42","modified_gmt":"2020-05-19T10:17:42","slug":"pandemia-reduz-procura-no-atendimento-por-cancer-de-mama","status":"publish","type":"post","link":"https:\/\/www.caririemacao.com\/1\/2020\/05\/19\/pandemia-reduz-procura-no-atendimento-por-cancer-de-mama\/","title":{"rendered":"Pandemia reduz procura no atendimento por c\u00e2ncer de mama"},"content":{"rendered":"\n<h2 class=\"wp-block-heading\"><\/h2>\n\n\n\n<p>A pandemia do novo coronav\u00edrus (covid-19) provocou queda de atendimentos em hospitais p\u00fablicos de pacientes em rastreamento e tratamento para c\u00e2ncer de mama, de cerca de 75% em mar\u00e7o e abril, em compara\u00e7\u00e3o a igual per\u00edodo do ano passado, de acordo com pesquisa da Sociedade Brasileira de Mastologia (SBM).<\/p>\n\n\n\n<p>\u201cN\u00f3s solicitamos aos colegas mastologistas que fizessem um levantamento desses dois meses de 2019 para que pud\u00e9ssemos comparar com os [atendimentos] deste ano. A gente observou uma diminui\u00e7\u00e3o muito significativa da taxa dos atendimentos cir\u00fargicos\u201d, disse \u00e0&nbsp;<strong>Ag\u00eancia Brasil<\/strong>&nbsp;o presidente da SBM, Vilmar Marques.<\/p>\n\n\n\n<p>O levantamento abrangeu 11 hospitais p\u00fablicos de todas as regi\u00f5es do pa\u00eds, que atendem pelo Sistema \u00danico de Sa\u00fade (SUS) nas principais capitais. O maior comprometimento na assist\u00eancia a paciente com c\u00e2ncer de mama foi registrado no Maranh\u00e3o. No Instituto Maranhense de Oncologia Aldenora Belor\u00e1 (Cacon), que concentra a maioria das pacientes em tratamento do c\u00e2ncer de mama, apenas 55 pessoas foram atendidas em abril deste ano, contra 442 atendimentos feitos no mesmo m\u00eas de 2019, uma redu\u00e7\u00e3o de mais de 87%.<\/p>\n\n\n\n<p>Segundo o especialista, isso reflete o sistema como um todo. \u201cSe n\u00f3s n\u00e3o estamos operando, \u00e9 sinal que essa paciente n\u00e3o est\u00e1 sendo assistida, porque ela existe, principalmente se n\u00f3s observarmos os dados do Instituto Nacional de C\u00e2ncer Jos\u00e9 de Alencar Gomes da Silva (Inca) que apontam que n\u00f3s vamos ter, este ano, um incremento de 10%. Qualquer redu\u00e7\u00e3o j\u00e1 \u00e9 grande \u201c, avaliou Marques.<\/p>\n\n\n\n<p>O Inca estima para o Brasil um total de 66.280 casos novos de c\u00e2ncer de mama, para cada ano do tri\u00eanio 2020-2022. Esse valor corresponde a um risco estimado de 61,61 casos novos a cada 100 mil mulheres.<\/p>\n\n\n\n<h2 class=\"wp-block-heading\">Covid-19<\/h2>\n\n\n\n<p>O presidente da SBM afirmou que as pacientes n\u00e3o est\u00e3o indo aos consult\u00f3rios e n\u00e3o est\u00e3o chegando aos hospitais p\u00fablicos porque a maioria dessas unidades est\u00e1 destinando seus atendimentos \u00e0 covid-19. A elevada taxa de aus\u00eancia \u00e9 explicada pelo medo do cont\u00e1gio, que faz com que as pacientes com c\u00e2ncer de mama n\u00e3o saim das resid\u00eancias para dar seguimento ao tratamento. Com isso, o diagn\u00f3stico \u00e9 postergado. \u201cNa realidade, todo diagn\u00f3stico postergado compromete a sobrevida da paciente, ou seja, diminui a chance de cura\u201d, explicou o mastologista. Isso significa que poder\u00e1 haver aumento do n\u00famero de tumores em est\u00e1gio avan\u00e7ado, disse.<\/p>\n\n\n\n<p>Enquanto institui\u00e7\u00e3o, a SBM n\u00e3o pode efetuar uma a\u00e7\u00e3o direta para que esse quadro seja revertido. Mas est\u00e1 pedindo aos colegas mastologistas que dialoguem com seus gestores locais e esclare\u00e7am que os hospitais podem continuar o atendimento \u00e0s pacientes com c\u00e2ncer de mama, a partir do momento que tenham leitos de UTI espec\u00edficos e enfermarias isoladas, para que essas mulheres n\u00e3o tenham contato com pacientes com a covid-19.<\/p>\n\n\n\n<p>\u201cE que a interna\u00e7\u00e3o seja do tipo fast track [processo r\u00e1pido], em que a paciente interne pela manh\u00e3, opera e, preferencialmente, vai embora no mesmo dia, no final do dia, buscando procedimentos r\u00e1pidos, mas resolutivos. E quando da indica\u00e7\u00e3o da reconstru\u00e7\u00e3o mam\u00e1ria, que esta seja a mais simples poss\u00edvel, ao contr\u00e1rio de que seja realizado no momento oportuno\u201d, salientou o m\u00e9dico.<\/p>\n\n\n\n<h2 class=\"wp-block-heading\">Centros de tratamento<\/h2>\n\n\n\n<p>De acordo com o levantamento da SBM, nos 11 principais centros de tratamento de doen\u00e7as mam\u00e1rias da rede p\u00fablica do Rio de Janeiro, por exemplo, houve redu\u00e7\u00e3o ou suspens\u00e3o de 20% nas cirurgias oncol\u00f3gicas e suspens\u00e3o das reconstru\u00e7\u00f5es mam\u00e1rias em seis unidades. J\u00e1 as sess\u00f5es de radioterapia n\u00e3o est\u00e3o sendo realizadas em oito centros e apenas uma unidade suspendeu os atendimentos ambulatoriais de mastologia. Nas demais unidades, esses atendimentos est\u00e3o restritos \u00e0s consultas de acompanhamento e de doen\u00e7as benignas. A triagem em pacientes oncol\u00f3gicas com suspeita de covid-19 est\u00e1 sendo realizada em oito das 11 unidades.<\/p>\n\n\n\n<p>Em Santa Catarina, a redu\u00e7\u00e3o foi de 75% em mar\u00e7o e abril nos atendimentos ambulatoriais e cir\u00fargicos. Em Minas Gerais, na Santa Casa de Belo Horizonte, principal unidade de atendimento para c\u00e2ncer de mama, a demanda caiu 40% entre janeiro e abril de 2020, em compara\u00e7\u00e3o ao mesmo per\u00edodo do ano passado. As cirurgias tiveram queda de 28%.<\/p>\n\n\n\n<p>Vilmar Marques manifestou preocupa\u00e7\u00e3o com essa situa\u00e7\u00e3o, tendo em vista que a telemedicina, que \u00e9 uma estrat\u00e9gia para a rede privada durante a pandemia, n\u00e3o est\u00e1 dispon\u00edvel no SUS. \u201cA preocupa\u00e7\u00e3o da SBM \u00e9 com o c\u00e2ncer de mama. Mas os hospitais t\u00eam de se reestruturar, de toda sorte que eles possam continuar atendendo as pacientes com os outros agravos \u00e0 sa\u00fade\u201d.<\/p>\n\n\n\n<p>O especialista destacou ainda a necessidade de esclarecer \u00e0s mulheres com c\u00e2ncer de mama que elas n\u00e3o deixem de ir \u00e0 consulta, mas ao contr\u00e1rio, que procurem seus m\u00e9dicos e a assist\u00eancia \u00e0 sa\u00fade, \u201cporque esta doen\u00e7a \u00e9 t\u00e3o mortal ou mais que a pr\u00f3pria covid\u201d.<\/p>\n\n\n\n<p>Marques salientou que, no Brasil, se a taxa de mortalidade da covid-19 est\u00e1 em torno de 5%, no c\u00e2ncer de mama, com diagn\u00f3stico precoce, voc\u00ea oferece 95% de chance de cura. \u201cAo diagn\u00f3stico precoce, ela j\u00e1 tem a taxa de mortalidade similar \u00e0 da covid. Obviamente, n\u00e3o vai ser de imediato, mas ao longo dos pr\u00f3ximos cinco a dez anos. Mas ela vai morrer de c\u00e2ncer de mama e voc\u00ea deixa de ofertar a cura\u201d, alertou o presidente da SBM.<\/p>\n","protected":false},"excerpt":{"rendered":"<p>A pandemia do novo coronav\u00edrus (covid-19) provocou queda de atendimentos em hospitais p\u00fablicos de pacientes em rastreamento e tratamento para c\u00e2ncer de mama, de cerca&hellip; <\/p>\n","protected":false},"author":2,"featured_media":170284,"comment_status":"closed","ping_status":"closed","sticky":false,"template":"","format":"standard","meta":{"sfsi_plus_gutenberg_text_before_share":"","sfsi_plus_gutenberg_show_text_before_share":"","sfsi_plus_gutenberg_icon_type":"","sfsi_plus_gutenberg_icon_alignemt":"","sfsi_plus_gutenburg_max_per_row":"","footnotes":""},"categories":[16],"tags":[],"class_list":["post-170282","post","type-post","status-publish","format-standard","has-post-thumbnail","hentry","category-saude"],"_links":{"self":[{"href":"https:\/\/www.caririemacao.com\/1\/wp-json\/wp\/v2\/posts\/170282","targetHints":{"allow":["GET"]}}],"collection":[{"href":"https:\/\/www.caririemacao.com\/1\/wp-json\/wp\/v2\/posts"}],"about":[{"href":"https:\/\/www.caririemacao.com\/1\/wp-json\/wp\/v2\/types\/post"}],"author":[{"embeddable":true,"href":"https:\/\/www.caririemacao.com\/1\/wp-json\/wp\/v2\/users\/2"}],"replies":[{"embeddable":true,"href":"https:\/\/www.caririemacao.com\/1\/wp-json\/wp\/v2\/comments?post=170282"}],"version-history":[{"count":1,"href":"https:\/\/www.caririemacao.com\/1\/wp-json\/wp\/v2\/posts\/170282\/revisions"}],"predecessor-version":[{"id":170285,"href":"https:\/\/www.caririemacao.com\/1\/wp-json\/wp\/v2\/posts\/170282\/revisions\/170285"}],"wp:featuredmedia":[{"embeddable":true,"href":"https:\/\/www.caririemacao.com\/1\/wp-json\/wp\/v2\/media\/170284"}],"wp:attachment":[{"href":"https:\/\/www.caririemacao.com\/1\/wp-json\/wp\/v2\/media?parent=170282"}],"wp:term":[{"taxonomy":"category","embeddable":true,"href":"https:\/\/www.caririemacao.com\/1\/wp-json\/wp\/v2\/categories?post=170282"},{"taxonomy":"post_tag","embeddable":true,"href":"https:\/\/www.caririemacao.com\/1\/wp-json\/wp\/v2\/tags?post=170282"}],"curies":[{"name":"wp","href":"https:\/\/api.w.org\/{rel}","templated":true}]}}