{"id":170287,"date":"2020-05-19T07:20:37","date_gmt":"2020-05-19T10:20:37","guid":{"rendered":"https:\/\/www.caririemacao.com\/1\/?p=170287"},"modified":"2020-05-19T07:20:37","modified_gmt":"2020-05-19T10:20:37","slug":"coronavirus-governo-da-pb-determina-medidas-para-pessoas-em-vulnerabilidade-social","status":"publish","type":"post","link":"https:\/\/www.caririemacao.com\/1\/2020\/05\/19\/coronavirus-governo-da-pb-determina-medidas-para-pessoas-em-vulnerabilidade-social\/","title":{"rendered":"Coronav\u00edrus: Governo da PB determina medidas para pessoas em vulnerabilidade social"},"content":{"rendered":"\n<p>O Governo da Para\u00edba determinou uma s\u00e9rie de medidas sociais para estabelecer um plano que atenue os impactos decorrentes da Covid-19 na vida das pessoas em vulnerabilidade social. As novas medidas foram publicadas no\u00a0Di\u00e1rio Oficial do Estado (DOE) desta ter\u00e7a-feira (19).<\/p>\n\n\n\n<p>Entre as medidas, est\u00e3o a aquisi\u00e7\u00e3o de 60 mil cestas b\u00e1sicas para distribui\u00e7\u00e3o com pessoas em condi\u00e7\u00e3o de vulnerabilidade social; antecipa\u00e7\u00e3o de R$ 1 milh\u00e3o dos recursos do Projeto Acolher para atender \u00e0s demandas emergenciais das Institui\u00e7\u00f5es de Longa Perman\u00eancia para Pessoas Idosas (ILPIS) n\u00e3o contempladas anteriormente; e o aporte de R$ 1 milh\u00e3o para aquisi\u00e7\u00e3o de g\u00eaneros aliment\u00edcios para abastecimento e distribui\u00e7\u00e3o, preferencialmente, dos produtores da agricultura familiar.<\/p>\n\n\n\n<p><strong>Altera\u00e7\u00e3o no decreto geral<\/strong><\/p>\n\n\n\n<p>Al\u00e9m disso, houve modifica\u00e7\u00e3o no&nbsp;<a href=\"https:\/\/paraiba.pb.gov.br\/noticias\/joao-azevedo-assina-novo-decreto-ampliando-isolamento-com-abrangencia-para-todos-os-municipios\/Decreton40.242Prorrogaisolamento15.05.20convertido.pdf\" target=\"_blank\" rel=\"noreferrer noopener\">decreto geral<\/a>, que pro\u00edbe, conforme o artigo 2, a realiza\u00e7\u00e3o de missas, cultos e quaisquer cerim\u00f4nias religiosas, em todo o territ\u00f3rio estadual. A partir de agora, a proibi\u00e7\u00e3o contida no decreto n\u00e3o se aplica \u00e0s atividades de prepara\u00e7\u00e3o, grava\u00e7\u00e3o e transmiss\u00e3o de missas, cultos e quaisquer cerim\u00f4nias religiosas pela internet ou por outros ve\u00edculos de comunica\u00e7\u00e3o, realizadas em igrejas, templos ou demais locais destinados para essa finalidade, com permiss\u00e3o de presen\u00e7a apenas \u00e0s autoridades religiosas respons\u00e1veis pela celebra\u00e7\u00e3o, m\u00fasicos e o correspondente pessoal de apoio t\u00e9cnico.<\/p>\n\n\n\n<p>Na ocasi\u00e3o da realiza\u00e7\u00e3o das atividades de prepara\u00e7\u00e3o, grava\u00e7\u00e3o e transmiss\u00e3o de missas, cultos e quaisquer cerim\u00f4nias religiosas, as institui\u00e7\u00f5es religiosas devem observar o cumprimento pleno de todas as recomenda\u00e7\u00f5es de preven\u00e7\u00e3o e controle para o enfrentamento da Covid-19 expedidas pelas autoridades sanit\u00e1rias competentes.<\/p>\n","protected":false},"excerpt":{"rendered":"<p>O Governo da Para\u00edba determinou uma s\u00e9rie de medidas sociais para estabelecer um plano que atenue os impactos decorrentes da Covid-19 na vida das pessoas&hellip; <\/p>\n","protected":false},"author":1,"featured_media":170288,"comment_status":"closed","ping_status":"closed","sticky":false,"template":"","format":"standard","meta":{"sfsi_plus_gutenberg_text_before_share":"","sfsi_plus_gutenberg_show_text_before_share":"","sfsi_plus_gutenberg_icon_type":"","sfsi_plus_gutenberg_icon_alignemt":"","sfsi_plus_gutenburg_max_per_row":"","footnotes":""},"categories":[2],"tags":[],"class_list":["post-170287","post","type-post","status-publish","format-standard","has-post-thumbnail","hentry","category-geral"],"_links":{"self":[{"href":"https:\/\/www.caririemacao.com\/1\/wp-json\/wp\/v2\/posts\/170287","targetHints":{"allow":["GET"]}}],"collection":[{"href":"https:\/\/www.caririemacao.com\/1\/wp-json\/wp\/v2\/posts"}],"about":[{"href":"https:\/\/www.caririemacao.com\/1\/wp-json\/wp\/v2\/types\/post"}],"author":[{"embeddable":true,"href":"https:\/\/www.caririemacao.com\/1\/wp-json\/wp\/v2\/users\/1"}],"replies":[{"embeddable":true,"href":"https:\/\/www.caririemacao.com\/1\/wp-json\/wp\/v2\/comments?post=170287"}],"version-history":[{"count":1,"href":"https:\/\/www.caririemacao.com\/1\/wp-json\/wp\/v2\/posts\/170287\/revisions"}],"predecessor-version":[{"id":170289,"href":"https:\/\/www.caririemacao.com\/1\/wp-json\/wp\/v2\/posts\/170287\/revisions\/170289"}],"wp:featuredmedia":[{"embeddable":true,"href":"https:\/\/www.caririemacao.com\/1\/wp-json\/wp\/v2\/media\/170288"}],"wp:attachment":[{"href":"https:\/\/www.caririemacao.com\/1\/wp-json\/wp\/v2\/media?parent=170287"}],"wp:term":[{"taxonomy":"category","embeddable":true,"href":"https:\/\/www.caririemacao.com\/1\/wp-json\/wp\/v2\/categories?post=170287"},{"taxonomy":"post_tag","embeddable":true,"href":"https:\/\/www.caririemacao.com\/1\/wp-json\/wp\/v2\/tags?post=170287"}],"curies":[{"name":"wp","href":"https:\/\/api.w.org\/{rel}","templated":true}]}}