{"id":170290,"date":"2020-05-19T07:22:46","date_gmt":"2020-05-19T10:22:46","guid":{"rendered":"https:\/\/www.caririemacao.com\/1\/?p=170290"},"modified":"2020-05-19T07:22:46","modified_gmt":"2020-05-19T10:22:46","slug":"caixa-deve-receber-25-milhoes-de-pessoas-por-dia-ate-13-de-junho","status":"publish","type":"post","link":"https:\/\/www.caririemacao.com\/1\/2020\/05\/19\/caixa-deve-receber-25-milhoes-de-pessoas-por-dia-ate-13-de-junho\/","title":{"rendered":"Caixa deve receber 2,5 milh\u00f5es de pessoas por dia at\u00e9 13 de junho"},"content":{"rendered":"\n<h2 class=\"wp-block-heading\"><\/h2>\n\n\n\n<p>Os novos calend\u00e1rios de saques do aux\u00edlio emergencial de R$ 600 (R$ 1,2 mil para m\u00e3es solteiras) foram elaborados de modo a manter o fluxo nas ag\u00eancias da Caixa Econ\u00f4mica Federal em torno de 2,5 milh\u00f5es de pessoas por dia, disse hoje (18), em Bras\u00edlia, o presidente do banco, Pedro Guimar\u00e3es. Ele explicou que, em todo o pa\u00eds, esse movimento se repetir\u00e1 diariamente de amanh\u00e3 (19) at\u00e9 13 de junho, quando acabar\u00e1 o saque em dinheiro da segunda parcela.<\/p>\n\n\n\n<p>Segundo Guimar\u00e3es, o cronograma foi pensado para impedir picos de movimenta\u00e7\u00e3o nas ag\u00eancias, como os ocorridos em 4 e 5 de maio, quando o saque da primeira parcela em esp\u00e9cie coincidiu com a retirada do dinheiro por quem tinha transferido o benef\u00edcio para a conta de amigos ou de parentes. \u201cEsse equil\u00edbrio \u00e9 para ter 2,5 milh\u00f5es de pessoas [sacando nas ag\u00eancias] na mesma data\u201d, explicou o presidente da Caixa.<\/p>\n\n\n\n<p>De hoje at\u00e9 o dia 29, as ag\u00eancias receber\u00e3o diariamente 1,9 milh\u00e3o de benefici\u00e1rios do Bolsa Fam\u00edlia, que retirar\u00e3o a segunda parcela do&nbsp;<a href=\"http:\/\/agenciabrasil.ebc.com.br\/economia\/noticia\/2020-05\/dataprev-aprova-auxilio-emergencial-para-83-milhoes-de-brasileiros\" target=\"_blank\" rel=\"noreferrer noopener\">aux\u00edlio emergencial&nbsp;<\/a>com base no \u00faltimo d\u00edgito do N\u00famero de Inscri\u00e7\u00e3o Social (NIS). A partir de amanh\u00e3, o movimento di\u00e1rio ser\u00e1 refor\u00e7ado por pessoas que tiveram a primeira parcela liberada na \u00faltima sexta-feira (15) &lt;https:\/\/agenciabrasil.ebc.com.br\/economia\/noticia\/2020-05\/dataprev-aprova-auxilio-emergencial-para-83-milhoes-de-brasileiros&gt;. Esse contingente, de 8,3 milh\u00f5es de pessoas, ir\u00e1 ao banco dividido em grupos de 600 mil pessoas por dia, com base no m\u00eas de nascimento.<\/p>\n\n\n\n<p>De 30 de maio a 13 de junho, ser\u00e1 a vez de os inscritos no Cadastro \u00danico para Programas Sociais do Governo Federal (Cad\u00danico) e dos trabalhadores informais irem \u00e0s ag\u00eancias sacarem a segunda parcela em dinheiro. A retirada tamb\u00e9m se dar\u00e1 conforme o m\u00eas de nascimento, num total estimado entre 2,4 milh\u00f5es e 2,7 milh\u00f5es de pessoas por dia.<\/p>\n\n\n\n<p>O pagamento da segunda parcela do aux\u00edlio emergencial para os informais e os inscritos no Cad\u00danico come\u00e7a amanh\u00e3 e vai at\u00e9 o dia 26, mas o dinheiro s\u00f3 ser\u00e1 depositado na conta poupan\u00e7a digital da Caixa.&nbsp;<\/p>\n\n\n\n<p>At\u00e9 o dia 30, esses benefici\u00e1rios s\u00f3 poder\u00e3o movimentar o dinheiro por meio do aplicativo Caixa Tem, que permite o pagamento de contas dom\u00e9sticas, de boletos banc\u00e1rios e de compras em lojas e estabelecimentos parceiros do banco.<\/p>\n\n\n\n<p>O presidente da Caixa explicou que o dinheiro da segunda parcela depositado na conta digital s\u00f3 poder\u00e1 ser sacado em esp\u00e9cie a partir do dia 30 para evitar aglomera\u00e7\u00f5es nas ag\u00eancias.&nbsp;<\/p>\n\n\n\n<p>Diferentemente do pagamento da primeira parcela, a transfer\u00eancia da conta digital para contas de terceiros tamb\u00e9m s\u00f3 ser\u00e1 liberada quando come\u00e7ar o saque em dinheiro.&nbsp;<\/p>\n\n\n\n<p>\u201cO movimento nas ag\u00eancias subiu no in\u00edcio de maio por causa disso. Muita gente transferiu para a conta de amigos ou de parentes que foram sacar nas ag\u00eancias da Caixa, aumentando as filas\u201d, justificou.<\/p>\n\n\n\n<p>Guimar\u00e3es explicou ainda que quem teve o aux\u00edlio emergencial liberado mais tarde ter\u00e1 um calend\u00e1rio pr\u00f3prio, recebendo as tr\u00eas parcelas com 30 dias de diferen\u00e7a cada. Como o benef\u00edcio pode ser pedido at\u00e9 3 de julho, quem tiver o aux\u00edlio liberado ap\u00f3s essa data receber\u00e1 at\u00e9 setembro, caso a primeira parcela saia em julho, ou outubro, caso a primeira parcela s\u00f3 saia em agosto.<\/p>\n\n\n\n<h2 class=\"wp-block-heading\">Balan\u00e7o<\/h2>\n\n\n\n<p>A Caixa Econ\u00f4mica apresentou o balan\u00e7o mais recente do aux\u00edlio emergencial. At\u00e9 as 14h de hoje, o banco pagou R$ 37,3 bilh\u00f5es a 52,3 milh\u00f5es de pessoas. O n\u00famero inclui tanto a primeira parcela como o primeiro dia de pagamento da segunda parcela. Em rela\u00e7\u00e3o ao primeiro lote, 96% dos benefici\u00e1rios sacaram todos os recursos.<\/p>\n\n\n\n<p>A vice-presidente de Governo da Caixa, Tatiana Thom\u00e9, apresentou dados do Benef\u00edcio Emergencial (BEm), que complementa a renda do trabalhador com jornada reduzida ou com contrato suspenso durante a pandemia com uma parcela do seguro-desemprego a que o empregado teria direito se fosse demitido. Desde 4 de maio, a Caixa, que opera o BEm, pagou R$ 1,7 bilh\u00e3o a 1,8 milh\u00e3o de empregados.<\/p>\n\n\n\n<p>Desse total, R$ 1,1 bilh\u00e3o foram creditados em contas de correntistas do pr\u00f3prio banco, R$ 597,5 milh\u00f5es na conta poupan\u00e7a digital e R$ 27,4 milh\u00f5es no Cart\u00e3o do Cidad\u00e3o.&nbsp;<\/p>\n\n\n\n<p>Segundo a vice-presidente, nesta semana o banco dever\u00e1 pagar R$ 425 milh\u00f5es a 428 mil trabalhadores. O BEm \u00e9 pago 30 dias depois da assinatura do acordo de redu\u00e7\u00e3o de jornada ou de suspens\u00e3o de contrato, em duas ou tr\u00eas parcelas.<\/p>\n","protected":false},"excerpt":{"rendered":"<p>Os novos calend\u00e1rios de saques do aux\u00edlio emergencial de R$ 600 (R$ 1,2 mil para m\u00e3es solteiras) foram elaborados de modo a manter o fluxo&hellip; <\/p>\n","protected":false},"author":2,"featured_media":168479,"comment_status":"closed","ping_status":"closed","sticky":false,"template":"","format":"standard","meta":{"sfsi_plus_gutenberg_text_before_share":"","sfsi_plus_gutenberg_show_text_before_share":"","sfsi_plus_gutenberg_icon_type":"","sfsi_plus_gutenberg_icon_alignemt":"","sfsi_plus_gutenburg_max_per_row":"","footnotes":""},"categories":[2],"tags":[],"class_list":["post-170290","post","type-post","status-publish","format-standard","has-post-thumbnail","hentry","category-geral"],"_links":{"self":[{"href":"https:\/\/www.caririemacao.com\/1\/wp-json\/wp\/v2\/posts\/170290","targetHints":{"allow":["GET"]}}],"collection":[{"href":"https:\/\/www.caririemacao.com\/1\/wp-json\/wp\/v2\/posts"}],"about":[{"href":"https:\/\/www.caririemacao.com\/1\/wp-json\/wp\/v2\/types\/post"}],"author":[{"embeddable":true,"href":"https:\/\/www.caririemacao.com\/1\/wp-json\/wp\/v2\/users\/2"}],"replies":[{"embeddable":true,"href":"https:\/\/www.caririemacao.com\/1\/wp-json\/wp\/v2\/comments?post=170290"}],"version-history":[{"count":1,"href":"https:\/\/www.caririemacao.com\/1\/wp-json\/wp\/v2\/posts\/170290\/revisions"}],"predecessor-version":[{"id":170292,"href":"https:\/\/www.caririemacao.com\/1\/wp-json\/wp\/v2\/posts\/170290\/revisions\/170292"}],"wp:featuredmedia":[{"embeddable":true,"href":"https:\/\/www.caririemacao.com\/1\/wp-json\/wp\/v2\/media\/168479"}],"wp:attachment":[{"href":"https:\/\/www.caririemacao.com\/1\/wp-json\/wp\/v2\/media?parent=170290"}],"wp:term":[{"taxonomy":"category","embeddable":true,"href":"https:\/\/www.caririemacao.com\/1\/wp-json\/wp\/v2\/categories?post=170290"},{"taxonomy":"post_tag","embeddable":true,"href":"https:\/\/www.caririemacao.com\/1\/wp-json\/wp\/v2\/tags?post=170290"}],"curies":[{"name":"wp","href":"https:\/\/api.w.org\/{rel}","templated":true}]}}