{"id":170291,"date":"2020-05-19T07:24:49","date_gmt":"2020-05-19T10:24:49","guid":{"rendered":"https:\/\/www.caririemacao.com\/1\/?p=170291"},"modified":"2020-05-19T07:24:49","modified_gmt":"2020-05-19T10:24:49","slug":"governo-sanciona-com-vetos-lei-que-cria-linha-de-credito-para-micro-e-pequenas-empresas-durante-a-crise-do-coronavirus","status":"publish","type":"post","link":"https:\/\/www.caririemacao.com\/1\/2020\/05\/19\/governo-sanciona-com-vetos-lei-que-cria-linha-de-credito-para-micro-e-pequenas-empresas-durante-a-crise-do-coronavirus\/","title":{"rendered":"Governo sanciona com vetos lei que cria linha de cr\u00e9dito para micro e pequenas empresas durante a crise do coronavirus"},"content":{"rendered":"\n<p>O presidente Jair Bolsonaro sancionou, com vetos, a lei que cria linha de cr\u00e9dito para auxiliar micro e pequenas empresas durante a crise do novo coronav\u00edrus. A san\u00e7\u00e3o publicada no &#8220;Di\u00e1rio Oficial da Uni\u00e3o&#8221; desta ter\u00e7a-feira (19).<\/p>\n\n\n\n<p>O valor dos empr\u00e9stimos previstos pela lei ser\u00e1 de at\u00e9 30% da receita bruta anual da empresa em 2019. O montante m\u00e1ximo do benef\u00edcio \u00e9 de R$ 108 mil para microempresas e de R$ 1,4 milh\u00e3o para pequenas empresas.<\/p>\n\n\n\n<p>Bolsonaro vetou da proposta a car\u00eancia de oito meses para o pagamento do empr\u00e9stimo. O presidente informou que o per\u00edodo sugerido pelo Congresso Nacional geraria &#8220;risco \u00e0 pr\u00f3pria pol\u00edtica p\u00fablica, ante a incapacidade de os bancos p\u00fablicos executarem o programa com as condi\u00e7\u00f5es apresentadas pelo projeto&#8221;.<\/p>\n\n\n\n<p>Bolsonaro tamb\u00e9m vetou a prorroga\u00e7\u00e3o, por 180 dias, dos prazos para pagamento de parcelamentos da Receita Federal e da Procuradoria-Geral da Fazenda Nacional.<\/p>\n\n\n\n<p>A lei entra em vigor com a san\u00e7\u00e3o, e os\u00a0vetos ter\u00e3o de ser analisados pelo Congresso. Os parlamentares podem manter ou derrubar a decis\u00e3o de Bolsonaro. Da forma como foi sancionada, a lei prev\u00ea prazo de 30 e seis meses para o pagamento.<\/p>\n\n\n\n<p>O Programa Nacional de Apoio \u00e0s Microempresas e Empresas de Pequeno Porte (Pronampe) \u00e9 destinado a:<\/p>\n\n\n\n<ul class=\"wp-block-list\"><li>Microempresas com faturamento de at\u00e9 R$ 360 mil por ano; e<\/li><li>Pequenas empresas com faturamento anual de de R$ 360 mil a R$ 4,8 milh\u00f5es.<\/li><\/ul>\n\n\n\n<p>Para novas companhias, com menos de um ano de funcionamento, o limite do empr\u00e9stimo ser\u00e1 de at\u00e9 metade do capital social ou de 30% da m\u00e9dia do faturamento mensal.<\/p>\n\n\n\n<p>O valor poder\u00e1 ser dividido em at\u00e9 36 parcelas. A taxa de juros anual m\u00e1xima ser\u00e1 igual \u00e0 Taxa Selic (atualmente em 3% ao ano), acrescida de 1,25%.<\/p>\n\n\n\n<p>As micro e pequenas empresas poder\u00e3o usar os recursos obtidos para investimentos, para pagar sal\u00e1rio dos funcion\u00e1rios ou para o capital de giro, com despesas como \u00e1gua, luz, aluguel, reposi\u00e7\u00e3o de estoque, entre outras. O projeto pro\u00edbe o uso dos recursos para distribui\u00e7\u00e3o de lucros e dividendos entre os s\u00f3cios do neg\u00f3cio.<\/p>\n\n\n\n<p>Cada empr\u00e9stimo ter\u00e1 a garantia, pela Uni\u00e3o, de 85% dos recursos, com esses valores do fundo. Todas as institui\u00e7\u00f5es financeiras p\u00fablicas e privadas autorizadas a funcionar pelo Banco Central (BC) poder\u00e3o operar a linha de cr\u00e9dito.<\/p>\n\n\n\n<p>Com G1<\/p>\n","protected":false},"excerpt":{"rendered":"<p>O presidente Jair Bolsonaro sancionou, com vetos, a lei que cria linha de cr\u00e9dito para auxiliar micro e pequenas empresas durante a crise do novo&hellip; <\/p>\n","protected":false},"author":1,"featured_media":169459,"comment_status":"closed","ping_status":"closed","sticky":false,"template":"","format":"standard","meta":{"sfsi_plus_gutenberg_text_before_share":"","sfsi_plus_gutenberg_show_text_before_share":"","sfsi_plus_gutenberg_icon_type":"","sfsi_plus_gutenberg_icon_alignemt":"","sfsi_plus_gutenburg_max_per_row":"","footnotes":""},"categories":[11],"tags":[],"class_list":["post-170291","post","type-post","status-publish","format-standard","has-post-thumbnail","hentry","category-politica"],"_links":{"self":[{"href":"https:\/\/www.caririemacao.com\/1\/wp-json\/wp\/v2\/posts\/170291","targetHints":{"allow":["GET"]}}],"collection":[{"href":"https:\/\/www.caririemacao.com\/1\/wp-json\/wp\/v2\/posts"}],"about":[{"href":"https:\/\/www.caririemacao.com\/1\/wp-json\/wp\/v2\/types\/post"}],"author":[{"embeddable":true,"href":"https:\/\/www.caririemacao.com\/1\/wp-json\/wp\/v2\/users\/1"}],"replies":[{"embeddable":true,"href":"https:\/\/www.caririemacao.com\/1\/wp-json\/wp\/v2\/comments?post=170291"}],"version-history":[{"count":1,"href":"https:\/\/www.caririemacao.com\/1\/wp-json\/wp\/v2\/posts\/170291\/revisions"}],"predecessor-version":[{"id":170294,"href":"https:\/\/www.caririemacao.com\/1\/wp-json\/wp\/v2\/posts\/170291\/revisions\/170294"}],"wp:featuredmedia":[{"embeddable":true,"href":"https:\/\/www.caririemacao.com\/1\/wp-json\/wp\/v2\/media\/169459"}],"wp:attachment":[{"href":"https:\/\/www.caririemacao.com\/1\/wp-json\/wp\/v2\/media?parent=170291"}],"wp:term":[{"taxonomy":"category","embeddable":true,"href":"https:\/\/www.caririemacao.com\/1\/wp-json\/wp\/v2\/categories?post=170291"},{"taxonomy":"post_tag","embeddable":true,"href":"https:\/\/www.caririemacao.com\/1\/wp-json\/wp\/v2\/tags?post=170291"}],"curies":[{"name":"wp","href":"https:\/\/api.w.org\/{rel}","templated":true}]}}