{"id":170295,"date":"2020-05-19T07:33:00","date_gmt":"2020-05-19T10:33:00","guid":{"rendered":"https:\/\/www.caririemacao.com\/1\/?p=170295"},"modified":"2020-05-19T07:33:00","modified_gmt":"2020-05-19T10:33:00","slug":"falta-de-politica-clara-para-conter-a-pandemia-atrasa-retomada-da-economia-apontam-empresarios","status":"publish","type":"post","link":"https:\/\/www.caririemacao.com\/1\/2020\/05\/19\/falta-de-politica-clara-para-conter-a-pandemia-atrasa-retomada-da-economia-apontam-empresarios\/","title":{"rendered":"Falta de pol\u00edtica clara para conter a pandemia atrasa retomada da economia,  apontam empres\u00e1rios"},"content":{"rendered":"\n<p>A sa\u00edda de Nelson Teich do\u00a0Minist\u00e9rio da Sa\u00fade\u00a0reacendeu o alerta entre empres\u00e1rios sobre o grau de confian\u00e7a no Brasil para o combate \u00e0 pandemia do\u00a0novo coronav\u00edrus. Executivos d\u00e3o mostras de desconforto com a falta de coordena\u00e7\u00e3o entre a pasta e a Presid\u00eancia da Rep\u00fablica.<\/p>\n\n\n\n<p>Na \u00faltima sexta-feira, uma\u00a0entrevista de Philipp Schiemer, presidente da Mercedes-Benz do Brasil e Am\u00e9rica Latina, ao jornal Valor Econ\u00f4mico deixou evidente sua frustra\u00e7\u00e3o: o atraso na retomada da economia por conta da aus\u00eancia de a\u00e7\u00f5es coordenadas no combate \u00e0 Covid-19 entre os governos federal, estadual e municipal. &#8220;\u00c9 uma tristeza o que estamos vendo&#8221;, disse.<\/p>\n\n\n\n<p>Ele n\u00e3o est\u00e1 sozinho. Para o presidente da BGC Liquidez, Erm\u00ednio Lucci, a declara\u00e7\u00e3o de Schiemer \u201cexpressa um pouco a vis\u00e3o de todos os empres\u00e1rios de que falta de credibilidade ao Brasil\u201d.<\/p>\n\n\n\n<p>\u201cN\u00e3o \u00e9 nem s\u00f3 o fato de dois ministros serem mandados embora em menos de um m\u00eas, \u00e9 a falta de foco na gest\u00e3o da sa\u00fade no Brasil, de se ter uma unidade [de estrat\u00e9gia], j\u00e1 que n\u00e3o h\u00e1 uma conson\u00e2ncia entre o executivo federal e o executivo de estados e munic\u00edpios para combater a pandemia\u201d, destacou Lucci.<\/p>\n\n\n\n<p>O empres\u00e1rio destacou que, enquanto alguns pa\u00edses j\u00e1 est\u00e3o reabrindo a sua economia, no Brasil ainda \u00e9 discutida a possibilidade de se decretar o chamado lockdown, com regras mais r\u00edgidas de isolamento social, apontando o atraso do Brasil no combate \u00e0 doen\u00e7a.<\/p>\n\n\n\n<blockquote class=\"wp-block-quote is-layout-flow wp-block-quote-is-layout-flow\"><p>\u201cIsso, realmente, tira o incentivo de qualquer empres\u00e1rio de investir no pa\u00eds. Isso afeta a credibilidade do poder p\u00fablico. O que isso significa na pr\u00e1tica \u00e9 menos investimentos nos pr\u00f3ximos trimestres\u201d, disse Lucci.<\/p><\/blockquote>\n\n\n\n<p>Para ele, planejar o futuro \u00e9 a maior vulnerabilidade do empres\u00e1rio brasileiro no momento.<\/p>\n\n\n\n<p>\u201cO fato de a gente ter que lidar com uma crise econ\u00f4mica e de sa\u00fade sem precedentes nos \u00faltimos 100 anos, somado a uma crise pol\u00edtica, ao n\u00e3o entendimento entre os poderes de cada ente da federa\u00e7\u00e3o, isso vai, por um bom tempo, abalar a confian\u00e7a dos empres\u00e1rios\u201d, reiterou o presidente da BGC.<\/p>\n\n\n\n<figure class=\"wp-block-image\"><img decoding=\"async\" data-src=\"https:\/\/s2.glbimg.com\/VwLN0CTMXvWWUY2Y3nUFLB08sDI=\/0x0:1280x958\/984x0\/smart\/filters:strip_icc()\/i.s3.glbimg.com\/v1\/AUTH_59edd422c0c84a879bd37670ae4f538a\/internal_photos\/bs\/2020\/E\/M\/NZI0H6QziZo1uliriSmg\/erminio-lucci.jpeg\" alt=\"Erm\u00ednio Lucci \u00e9 o presidente da BGC Liquidez, uma das principais corretoras do pa\u00eds  \u2014 Foto: BGC Liquidez\/Divulga\u00e7\u00e3o\" src=\"data:image\/svg+xml;base64,PHN2ZyB3aWR0aD0iMSIgaGVpZ2h0PSIxIiB4bWxucz0iaHR0cDovL3d3dy53My5vcmcvMjAwMC9zdmciPjwvc3ZnPg==\" class=\"lazyload\" \/><\/figure>\n\n\n\n<p>Erm\u00ednio Lucci \u00e9 o presidente da BGC Liquidez, uma das principais corretoras do pa\u00eds \u2014 Foto: BGC Liquidez\/Divulga\u00e7\u00e3o<\/p>\n\n\n\n<p>Paulo Castello Branco, presidente da Associa\u00e7\u00e3o Brasileira dos Importadores de M\u00e1quinas e Equipamentos Industriais (Abimei), tamb\u00e9m v\u00ea preju\u00edzos para os investimentos.<\/p>\n\n\n\n<p>&#8220;Quando n\u00f3s vemos um fato como esse (sa\u00eddas de Mandetta e Teich) isso confirma que o que Brasil est\u00e1 vivendo \u00e9 realmente um pesadelo. Investidores est\u00e3o muito atentos com o que est\u00e1 acontecendo no Brasil e isso atrapalha a retomada da economia que j\u00e1 vinha em uma situa\u00e7\u00e3o dif\u00edcil&#8221;, afirma.<\/p>\n\n\n\n<p>&#8220;J\u00e1 havia uma cautela por parte dos investidores antes da pandemia e esse cen\u00e1rio pol\u00edtico dificulta ainda mais. O investidor estrangeiro e interno tamb\u00e9m olha para o Brasil ent\u00e3o v\u00ea nenhuma previsibilidade para poder investir. Essa pandemia pol\u00edtica est\u00e1 prejudicando a retomada dos investimentos&#8221;, aponta.<\/p>\n\n\n\n<blockquote class=\"wp-block-quote is-layout-flow wp-block-quote-is-layout-flow\"><p>&#8220;O ministro da Sa\u00fade neste momento teria que ter autonomia para conduzir a gest\u00e3o do problema. E fazer isso em coordena\u00e7\u00e3o com estados e munic\u00edpios&#8221;.<\/p><\/blockquote>\n\n\n\n<p>Para o presidente da Associa\u00e7\u00e3o Brasileira da Ind\u00fastria El\u00e9trica e Eletr\u00f4nica (Abinee), Humberto Barbato, a troca de comando do Minist\u00e9rio da Sa\u00fade nesse momento cr\u00edtico da pandemia traz impactos para a imagem no Brasil no exterior.<\/p>\n\n\n\n<p>\u201cEssa falta de coordena\u00e7\u00e3o \u00e9 muito ruim num momento t\u00e3o delicado. Mas eu acredito que o Brasil tamb\u00e9m \u00e9 visto no exterior como um pa\u00eds que tem bons nomes para exercer essa fun\u00e7\u00e3o (de ministro da sa\u00fade)\u201d, afirma Barbato.<\/p>\n\n\n\n<blockquote class=\"wp-block-quote is-layout-flow wp-block-quote-is-layout-flow\"><p>\u201c\u00c9 lament\u00e1vel que tenha ocorrido a substitui\u00e7\u00e3o, n\u00e3o fico nem um pouco contente com isso e a repercuss\u00e3o n\u00e3o \u00e9 boa internacionalmente.\u201d<\/p><\/blockquote>\n\n\n\n<p>Ele avalia, no entanto, que o Brasil vai seguir atrativo para o investimento internacional depois que a pandemia for superada. \u201cSomos a oitava maior economia do mundo ainda. Eu n\u00e3o esque\u00e7o o potencial que o Brasil tem. O pa\u00eds \u00e9 uma das grandes oportunidades para o mundo.\u201d<\/p>\n\n\n\n<h2 class=\"wp-block-heading\">Fugindo da incerteza<\/h2>\n\n\n\n<p>Uma pesquisa feita entre presidentes, CEOs, s\u00f3cios e diretores de empresas pela Amcham-Brasil mostra que 47% dos associados acreditam que a coordena\u00e7\u00e3o entre todas as esferas do poder p\u00fablico, do setor empresarial e da sociedade \u00e9 a a\u00e7\u00e3o mais importante para enfrentar o coronav\u00edrus.<\/p>\n\n\n\n<p>\u00c9 poss\u00edvel que os n\u00fameros sejam maiores, pois sondagem foi feita entre 8 e 19 de abril, per\u00edodo em que Luiz Henrique Mandetta balan\u00e7ava no cargo. Um m\u00eas depois, o ministro havia sido demitido e o sucessor, renunciado.<\/p>\n\n\n\n<p>A falta de previsibilidade sobre o rumo do Brasil no enfrentamento da pandemia retrai a disposi\u00e7\u00e3o de investimento dos empres\u00e1rios e afugenta investidores estrangeiros. N\u00e3o \u00e0 toa, as expectativas dos analistas de mercado para a economia j\u00e1 apontam\u00a0queda de 5,12% do PIB e d\u00f3lar na casa dos R$ 5,28\u00a0no final do ano.<\/p>\n\n\n\n<figure class=\"wp-block-image\"><img decoding=\"async\" data-src=\"https:\/\/s03.video.glbimg.com\/x720\/8561158.jpg\" alt=\"FMI prev\u00ea queda de 5,2% do PIB da Am\u00e9rica Latina\" title=\"FMI prev\u00ea queda de 5,2% do PIB da Am\u00e9rica Latina\" src=\"data:image\/svg+xml;base64,PHN2ZyB3aWR0aD0iMSIgaGVpZ2h0PSIxIiB4bWxucz0iaHR0cDovL3d3dy53My5vcmcvMjAwMC9zdmciPjwvc3ZnPg==\" class=\"lazyload\" \/><\/figure>\n\n\n\n<p>00:00\/02:44<\/p>\n\n\n\n<p>FMI prev\u00ea queda de 5,2% do PIB da Am\u00e9rica Latina<\/p>\n\n\n\n<p>Ainda que os empres\u00e1rios esperem que o trabalho do Minist\u00e9rio da Sa\u00fade tenha um curso de continuidade, visto que funcion\u00e1rios de carreira continuam em atividade mesmo com as trocas de ministros, a mudan\u00e7a de processo decis\u00f3rio adia as grandes decis\u00f5es. A troca de Mandetta por Teich, por exemplo, modificou as expectativas de quando o pa\u00eds poder\u00e1 vencer a pandemia.<\/p>\n\n\n\n<blockquote class=\"wp-block-quote is-layout-flow wp-block-quote-is-layout-flow\"><p>&#8220;O mercado espera uma queda de cerca de 5% do PIB no Brasil, est\u00e1 alinhado com o resto do mundo. Mas a falta de um plano claro deixa em d\u00favida o impacto da crise sanit\u00e1ria na nossa economia&#8221;, diz Welber Barral, s\u00f3cio da consultoria Barral M Jorge e ex-secret\u00e1rio de Com\u00e9rcio Exterior.<\/p><\/blockquote>\n\n\n\n<p>&#8220;Imagine um fundo estrangeiro que est\u00e1 analisando investir em infraestrutura no Brasil. Como ele pode fazer os c\u00e1lculos de retorno sem saber qual o plano do pa\u00eds para a pandemia?&#8221;<\/p>\n\n\n\n<p>Nem mesmo os setores mais essenciais durante a pandemia est\u00e3o distantes do problema. O Hospital do Cora\u00e7\u00e3o do Alagoas estava em franca expans\u00e3o quando teve in\u00edcio a pandemia do novo coronav\u00edrus. O investimento foi mantido, mas a inseguran\u00e7a aumentou entre os gestores.<\/p>\n\n\n\n<p>\u201cPor conta do ramo, fica imposs\u00edvel parar esse investimento. O que mudou foi o grau de incerteza e de estresse por conta de n\u00e3o se ter uma clareza, um plano uniformizado em todo o pa\u00eds, para o enfrentamento da pandemia e para o per\u00edodo p\u00f3s-pandemia\u201d, afirmou o m\u00e9dico Ricardo C\u00e9sar Cavalcanti, que \u00e9 propriet\u00e1rio do hospital.<\/p>\n\n\n\n<p>Com seu neg\u00f3cio diretamente afetado pela crise na sa\u00fade, Cavalcanti enfatizou a necessidade de o governo se espelhar na experi\u00eancia de outros pa\u00edses que adotaram estrat\u00e9gia r\u00edgida para conter a dissemina\u00e7\u00e3o da doen\u00e7a.<\/p>\n\n\n\n<blockquote class=\"wp-block-quote is-layout-flow wp-block-quote-is-layout-flow\"><p>&#8220;Essa crise passa por uma solu\u00e7\u00e3o m\u00e9dica para, depois, ter uma solu\u00e7\u00e3o na \u00e1rea econ\u00f4mica. Inverter essa ordem \u00e9 in\u00fatil. O tamanho do dano econ\u00f4mico diz respeito \u00e0s medidas m\u00e9dicas que forem tomadas&#8221;, diz.<\/p><\/blockquote>\n\n\n\n<p>&#8220;O que a gente tem visto \u00e9 a comprova\u00e7\u00e3o disso, de que pa\u00edses que ouviram a t\u00e9cnica, a posi\u00e7\u00e3o m\u00e9dica, e adotaram medidas rigorosas, passaram menos tempo em isolamento social e menos tempo em retra\u00e7\u00e3o econ\u00f4mica.&#8221;<\/p>\n\n\n\n<p>Com esse peso nas costas, o Brasil, agora, procura um ministro. Segundo o blog da Andr\u00e9ia Sadi, o presidente Jair Bolsonaro deve manter o secret\u00e1rio-executivo da pasta, general Eduardo Pazuello, como interino\u00a0at\u00e9 que seja assinada a mudan\u00e7a no protocolo de uso da cloroquina\u00a0para, depois, dar posse ao pr\u00f3ximo ministro.<\/p>\n\n\n\n<p>Com G1<\/p>\n","protected":false},"excerpt":{"rendered":"<p>A sa\u00edda de Nelson Teich do\u00a0Minist\u00e9rio da Sa\u00fade\u00a0reacendeu o alerta entre empres\u00e1rios sobre o grau de confian\u00e7a no Brasil para o combate \u00e0 pandemia do\u00a0novo&hellip; <\/p>\n","protected":false},"author":1,"featured_media":170296,"comment_status":"closed","ping_status":"closed","sticky":false,"template":"","format":"standard","meta":{"sfsi_plus_gutenberg_text_before_share":"","sfsi_plus_gutenberg_show_text_before_share":"","sfsi_plus_gutenberg_icon_type":"","sfsi_plus_gutenberg_icon_alignemt":"","sfsi_plus_gutenburg_max_per_row":"","footnotes":""},"categories":[11],"tags":[],"class_list":["post-170295","post","type-post","status-publish","format-standard","has-post-thumbnail","hentry","category-politica"],"_links":{"self":[{"href":"https:\/\/www.caririemacao.com\/1\/wp-json\/wp\/v2\/posts\/170295","targetHints":{"allow":["GET"]}}],"collection":[{"href":"https:\/\/www.caririemacao.com\/1\/wp-json\/wp\/v2\/posts"}],"about":[{"href":"https:\/\/www.caririemacao.com\/1\/wp-json\/wp\/v2\/types\/post"}],"author":[{"embeddable":true,"href":"https:\/\/www.caririemacao.com\/1\/wp-json\/wp\/v2\/users\/1"}],"replies":[{"embeddable":true,"href":"https:\/\/www.caririemacao.com\/1\/wp-json\/wp\/v2\/comments?post=170295"}],"version-history":[{"count":1,"href":"https:\/\/www.caririemacao.com\/1\/wp-json\/wp\/v2\/posts\/170295\/revisions"}],"predecessor-version":[{"id":170297,"href":"https:\/\/www.caririemacao.com\/1\/wp-json\/wp\/v2\/posts\/170295\/revisions\/170297"}],"wp:featuredmedia":[{"embeddable":true,"href":"https:\/\/www.caririemacao.com\/1\/wp-json\/wp\/v2\/media\/170296"}],"wp:attachment":[{"href":"https:\/\/www.caririemacao.com\/1\/wp-json\/wp\/v2\/media?parent=170295"}],"wp:term":[{"taxonomy":"category","embeddable":true,"href":"https:\/\/www.caririemacao.com\/1\/wp-json\/wp\/v2\/categories?post=170295"},{"taxonomy":"post_tag","embeddable":true,"href":"https:\/\/www.caririemacao.com\/1\/wp-json\/wp\/v2\/tags?post=170295"}],"curies":[{"name":"wp","href":"https:\/\/api.w.org\/{rel}","templated":true}]}}