{"id":170303,"date":"2020-05-19T09:38:41","date_gmt":"2020-05-19T12:38:41","guid":{"rendered":"https:\/\/www.caririemacao.com\/1\/?p=170303"},"modified":"2020-05-19T09:38:41","modified_gmt":"2020-05-19T12:38:41","slug":"auxilio-emergencial-caixa-paga-primeira-parcela-para-novos-aprovados-nascidos-em-janeiro","status":"publish","type":"post","link":"https:\/\/www.caririemacao.com\/1\/2020\/05\/19\/auxilio-emergencial-caixa-paga-primeira-parcela-para-novos-aprovados-nascidos-em-janeiro\/","title":{"rendered":"Aux\u00edlio Emergencial: Caixa paga primeira parcela para novos aprovados nascidos em janeiro"},"content":{"rendered":"\n<p>A Caixa Econ\u00f4mica Federal (CEF) come\u00e7a a pagar nesta ter\u00e7a-feira (19) a primeira parcela do Aux\u00edlio Emergencial para um novo grupo de pessoas aprovadas para receber o benef\u00edcio. Os primeiros a receber, j\u00e1 nesta ter\u00e7a, ser\u00e3o os trabalhadores nascidos em janeiro.<\/p>\n\n\n\n<p>Os pagamentos v\u00e3o at\u00e9 29 de maio, em dias escalonados por m\u00eas de nascimento (veja o calend\u00e1rio mais abaixo). At\u00e9 o final dos pagamentos, ser\u00e3o creditados R$ 5,3 bilh\u00f5es a mais de 8,3 milh\u00f5es de pessoas. Os trabalhadores podem consultar a situa\u00e7\u00e3o do benef\u00edcio pelo aplicativo do aux\u00edlio emergencial ou pelo site auxilio.caixa.gov.br.<\/p>\n\n\n\n<p>Tamb\u00e9m nesta ter\u00e7a, o banco credita a segunda parcela do aux\u00edlio para 1,9 milh\u00e3o de benefici\u00e1rios do Bolsa Fam\u00edlia cujo NIS \u00e9 terminado em 2. J\u00e1 os trabalhadores que est\u00e3o no Cadastro \u00danico e n\u00e3o recebem o Bolsa Fam\u00edlia, assim como os que se inscreveram no Aux\u00edlio Emergencial atrav\u00e9s do site ou aplicativo, come\u00e7am a receber a parcela apenas na quarta-feira (20).<\/p>\n\n\n\n<p><strong>Primeira parcela para novos aprovados<\/strong><\/p>\n\n\n\n<p>A primeira parcela para esse novo grupo ser\u00e1 creditada na conta escolhida pelo benefici\u00e1rio, da forma como receberam os primeiros benefici\u00e1rios: nas contas da Caixa, na Poupan\u00e7a Social Digital ou em contas de outros bancos. Esses benefici\u00e1rios tamb\u00e9m poder\u00e3o fazer o saque em esp\u00e9cie do aux\u00edlio na data da libera\u00e7\u00e3o.<\/p>\n\n\n\n<p><strong>Veja como ficou o calend\u00e1rio de pagamento da 1\u00aa parcela para novos aprovados:<\/strong><\/p>\n\n\n\n<p>19 de maio (ter\u00e7a): nascidos em janeiro<br>20 de maio (quarta): nascidos em fevereiro<br>21 de maio (quinta): nascidos em mar\u00e7o<br>22 de maio (sexta): nascidos em abril<br>23 de maio (s\u00e1bado): nascidos em maio, junho ou julho<br>25 de maio (segunda): nascidos em agosto<br>26 de maio (ter\u00e7a): nascidos em setembro<br>27 de maio (quarta): nascidos em outubro<br>28 de maio (quinta): nascidos em novembro<br>29 de maio (sexta): nascidos em dezembro<\/p>\n\n\n\n<p><strong>Calend\u00e1rio da 2\u00aa parcela<\/strong><\/p>\n\n\n\n<p>O calend\u00e1rio do pagamento da 2\u00aa parcela do Aux\u00edlio Emergencial come\u00e7ou na&nbsp;segunda-feira (18) e seguir\u00e1 at\u00e9 13 de junho. O calend\u00e1rio da terceira parcela, que estava prevista para maio, continua sem defini\u00e7\u00e3o.<\/p>\n\n\n\n<p>O calend\u00e1rio da segunda parcela vale apenas para quem recebeu a primeira parcela at\u00e9 30 de abril. O governo n\u00e3o informou quando vai pagar a segunda parcela para quem receber a primeira depois desta data.<\/p>\n\n\n\n<p>S\u00e3o 3 calend\u00e1rios:<\/p>\n\n\n\n<p>um para recebimento em poupan\u00e7a social<br>um para saque em esp\u00e9cie para benefici\u00e1rios do Bolsa Fam\u00edlia<br>um para saque em esp\u00e9cie para poupan\u00e7a social e transfer\u00eancia de recursos<\/p>\n\n\n\n<p>Segundo portaria sobre o calend\u00e1rio, assinada pelo ministro Onyx Lorenzoni, quem recebeu a 1\u00aa parcela at\u00e9 30 de abril receber\u00e1 o cr\u00e9dito da segunda parcela em poupan\u00e7a social digital a partir de quarta-feira (20), de acordo com a data de nascimento &#8211; mesmo para os trabalhadores que receberam a primeira parcela em outra conta banc\u00e1ria.<\/p>\n\n\n\n<p>Inicialmente, os recursos estar\u00e3o dispon\u00edveis apenas em na poupan\u00e7a social digital para movimenta\u00e7\u00f5es digitais: pagamento de contas, de boletos e realiza\u00e7\u00e3o de compras por meio de cart\u00e3o de d\u00e9bito virtual. Os saques em esp\u00e9cie para esse p\u00fablico poder\u00e3o ser feitos s\u00f3 a partir de 30 de maio, tamb\u00e9m de acordo com a data de nascimento.<\/p>\n\n\n\n<p>Para quem recebe o Bolsa Fam\u00edlia, o calend\u00e1rio \u00e9 diferente. Os benefici\u00e1rios v\u00e3o receber nas mesmas datas e da mesma forma em que recebem esse benef\u00edcio, nos \u00faltimos 10 dias de maio.<\/p>\n\n\n\n<p>VEJA OS CALEND\u00c1RIOS<br>1. Calend\u00e1rio para dep\u00f3sito em poupan\u00e7a social<\/p>\n\n\n\n<figure class=\"wp-block-image\"><img decoding=\"async\" data-src=\"https:\/\/www.clickpb.com.br\/media\/filer_public\/9e\/be\/9ebe1194-26ab-40d8-b64b-6dc9d3cfce58\/screenshot_1.jpg\" alt=\"\" src=\"data:image\/svg+xml;base64,PHN2ZyB3aWR0aD0iMSIgaGVpZ2h0PSIxIiB4bWxucz0iaHR0cDovL3d3dy53My5vcmcvMjAwMC9zdmciPjwvc3ZnPg==\" class=\"lazyload\" \/><\/figure>\n\n\n\n<p>2. Calend\u00e1rio para pagamento aos benefici\u00e1rios do Bolsa Fam\u00edlia<\/p>\n\n\n\n<figure class=\"wp-block-image\"><img decoding=\"async\" data-src=\"https:\/\/www.clickpb.com.br\/media\/filer_public\/46\/f3\/46f36177-f4cb-4b0e-b92e-e60eb219bf67\/screenshot_2.jpg\" alt=\"\" src=\"data:image\/svg+xml;base64,PHN2ZyB3aWR0aD0iMSIgaGVpZ2h0PSIxIiB4bWxucz0iaHR0cDovL3d3dy53My5vcmcvMjAwMC9zdmciPjwvc3ZnPg==\" class=\"lazyload\" \/><\/figure>\n\n\n\n<p>3. Calend\u00e1rio para saque e transfer\u00eancia da poupan\u00e7a social<\/p>\n\n\n\n<figure class=\"wp-block-image\"><img decoding=\"async\" data-src=\"https:\/\/www.clickpb.com.br\/media\/filer_public\/9a\/f5\/9af5b3d9-4977-4a4c-9eb3-1f7bdca98942\/screenshot_3.jpg\" alt=\"\" src=\"data:image\/svg+xml;base64,PHN2ZyB3aWR0aD0iMSIgaGVpZ2h0PSIxIiB4bWxucz0iaHR0cDovL3d3dy53My5vcmcvMjAwMC9zdmciPjwvc3ZnPg==\" class=\"lazyload\" \/><\/figure>\n","protected":false},"excerpt":{"rendered":"<p>A Caixa Econ\u00f4mica Federal (CEF) come\u00e7a a pagar nesta ter\u00e7a-feira (19) a primeira parcela do Aux\u00edlio Emergencial para um novo grupo de pessoas aprovadas para&hellip; <\/p>\n","protected":false},"author":2,"featured_media":169935,"comment_status":"closed","ping_status":"closed","sticky":false,"template":"","format":"standard","meta":{"sfsi_plus_gutenberg_text_before_share":"","sfsi_plus_gutenberg_show_text_before_share":"","sfsi_plus_gutenberg_icon_type":"","sfsi_plus_gutenberg_icon_alignemt":"","sfsi_plus_gutenburg_max_per_row":"","footnotes":""},"categories":[2],"tags":[],"class_list":["post-170303","post","type-post","status-publish","format-standard","has-post-thumbnail","hentry","category-geral"],"_links":{"self":[{"href":"https:\/\/www.caririemacao.com\/1\/wp-json\/wp\/v2\/posts\/170303","targetHints":{"allow":["GET"]}}],"collection":[{"href":"https:\/\/www.caririemacao.com\/1\/wp-json\/wp\/v2\/posts"}],"about":[{"href":"https:\/\/www.caririemacao.com\/1\/wp-json\/wp\/v2\/types\/post"}],"author":[{"embeddable":true,"href":"https:\/\/www.caririemacao.com\/1\/wp-json\/wp\/v2\/users\/2"}],"replies":[{"embeddable":true,"href":"https:\/\/www.caririemacao.com\/1\/wp-json\/wp\/v2\/comments?post=170303"}],"version-history":[{"count":1,"href":"https:\/\/www.caririemacao.com\/1\/wp-json\/wp\/v2\/posts\/170303\/revisions"}],"predecessor-version":[{"id":170304,"href":"https:\/\/www.caririemacao.com\/1\/wp-json\/wp\/v2\/posts\/170303\/revisions\/170304"}],"wp:featuredmedia":[{"embeddable":true,"href":"https:\/\/www.caririemacao.com\/1\/wp-json\/wp\/v2\/media\/169935"}],"wp:attachment":[{"href":"https:\/\/www.caririemacao.com\/1\/wp-json\/wp\/v2\/media?parent=170303"}],"wp:term":[{"taxonomy":"category","embeddable":true,"href":"https:\/\/www.caririemacao.com\/1\/wp-json\/wp\/v2\/categories?post=170303"},{"taxonomy":"post_tag","embeddable":true,"href":"https:\/\/www.caririemacao.com\/1\/wp-json\/wp\/v2\/tags?post=170303"}],"curies":[{"name":"wp","href":"https:\/\/api.w.org\/{rel}","templated":true}]}}