{"id":170310,"date":"2020-05-19T09:46:43","date_gmt":"2020-05-19T12:46:43","guid":{"rendered":"https:\/\/www.caririemacao.com\/1\/?p=170310"},"modified":"2020-05-19T09:46:43","modified_gmt":"2020-05-19T12:46:43","slug":"pesquisador-da-ufpb-afirma-que-novo-coronavirus-se-expandiu-na-paraiba-pela-br-230","status":"publish","type":"post","link":"https:\/\/www.caririemacao.com\/1\/2020\/05\/19\/pesquisador-da-ufpb-afirma-que-novo-coronavirus-se-expandiu-na-paraiba-pela-br-230\/","title":{"rendered":"Pesquisador da UFPB afirma que novo coronav\u00edrus se expandiu na Para\u00edba pela BR-230"},"content":{"rendered":"\n<p>O Laborat\u00f3rio de Estudos e Gest\u00e3o de \u00c1guas e Territ\u00f3rio, vinculado ao Departamento de Geoci\u00eancias da Universidade Federal da Para\u00edba (UFPB), criou um&nbsp;servi\u00e7o de produ\u00e7\u00e3o e divulga\u00e7\u00e3o de&nbsp;mapas&nbsp;e dados&nbsp;com a espacializa\u00e7\u00e3o e a evolu\u00e7\u00e3o dos casos oficiais da Covid-19 na Para\u00edba.<\/p>\n\n\n\n<p>O professor Pedro Viana explica&nbsp;que a&nbsp;an\u00e1lise dos dados mostra que, na Para\u00edba, o v\u00edrus se difundiu do leste para o oeste e, diferente do que ocorreu no planeta, em que o v\u00edrus se expandiu por meio do transporte a\u00e9reo, no estado, esse deslocamento se deu pela malha rodovi\u00e1ria, principalmente a BR-230. J\u00e1 os polos regionais ao longo da BR-230, como Campina Grande, Patos, Sousa e Cajazeiras, tornaram-se novos centros de dissemina\u00e7\u00e3o, em car\u00e1ter&nbsp;regional.<\/p>\n\n\n\n<p>A execu\u00e7\u00e3o do mapa est\u00e1 sob a responsabilidade de alunos de gradua\u00e7\u00e3o, mestrado e doutorado do Programa de P\u00f3s-gradua\u00e7\u00e3o em Geografia da UFPB. O trabalho vem sendo desenvolvido desde o dia&nbsp;2 de abril.&nbsp;Uma parte das atualiza\u00e7\u00f5es \u00e9 feita por rotinas autom\u00e1ticas que buscam e capturam dados de sites oficiais do governo federal e da Para\u00edba, principalmente os dos boletins da Secretaria de Estado da Sa\u00fade da Para\u00edba.<\/p>\n\n\n\n<p>Esses dados s\u00e3o ent\u00e3o filtrados, analisados e inseridos em ambiente de Sistema de Informa\u00e7\u00e3o Geogr\u00e1fica (SIG) para a gera\u00e7\u00e3o dos&nbsp;mapas. O \u00faltimo, disponibilizado neste domingo (17), registra 194 \u00f3bitos, 11 a mais do que no mapa do s\u00e1bado (16), que contabilizava 183 \u00f3bitos.<\/p>\n\n\n\n<p>Segundo an\u00e1lise do professor Pedro Vianna, a falha no acompanhamento dos primeiros casos, com a aus\u00eancia de exames, n\u00e3o permite saber se o principal meio de entrada do v\u00edrus na regi\u00e3o de Jo\u00e3o Pessoa foi pela via a\u00e9rea, origin\u00e1rio de S\u00e3o Paulo ou de Bras\u00edlia, ou pela BR-101, vindo da regi\u00e3o metropolitana de Recife (PE).<\/p>\n\n\n\n<p>Conforme a an\u00e1lise do professor, a regi\u00e3o de Jo\u00e3o Pessoa expandiu o v\u00edrus pelo seu entorno e se tornou uma vasta zona de cont\u00e1gio, contribuindo para isso sua morfologia urbana, com aglomera\u00e7\u00e3o urbana com alta densidade populacional.<\/p>\n\n\n\n<p>De acordo com os estudos, h\u00e1 mais de 80 favelas na capital. O alto grau de verticaliza\u00e7\u00e3o nas zonas de classe m\u00e9dia e alta do litoral obriga o uso de \u00e1reas comuns como elevadores, relevantes na dissemina\u00e7\u00e3o do v\u00edrus.<\/p>\n\n\n\n<p>Outros fatores que colaboram para a propaga\u00e7\u00e3o da doen\u00e7a, na avalia\u00e7\u00e3o do professor Pedro Vianna, s\u00e3o a estrutura interna da rede de distribui\u00e7\u00e3o de servi\u00e7os e mercadorias, principalmente a de alimentos, ainda fortemente marcada pela presen\u00e7a de mercados municipais e feiras livres em diversos bairros, quebrando o distanciamento social.<\/p>\n\n\n\n<p>Outro problema \u00e9 a disponibilidade h\u00eddrica. Em zonas que n\u00e3o s\u00e3o atendidas por rede de \u00e1gua tratada, as pessoas n\u00e3o t\u00eam como fazer a higieniza\u00e7\u00e3o para prevenir o cont\u00e1gio.<\/p>\n\n\n\n<p>O professor Pedro Vianna explica que, com a suspens\u00e3o das atividades presenciais, o conhecimento t\u00e9cnico de Geotecnologia, uma das linhas de trabalho do laborat\u00f3rio, que normalmente \u00e9 destinado \u00e0 an\u00e1lise sobre os recursos h\u00eddricos, foi aplicado para acompanhar a crise da sa\u00fade.<\/p>\n\n\n\n<p>Ele entende que o trabalho di\u00e1rio para produ\u00e7\u00e3o dos mapas \u00e9 mais um esfor\u00e7o da UFPB no enfrentamento da Covid-19. Ao mesmo tempo, mant\u00e9m os discentes em atividade, usando as ferramentas de Geotecnologia. \u201cO objetivo do mapa \u00e9 fornecer um acompanhamento ao Governo do Estado da evolu\u00e7\u00e3o espacial, como o v\u00edrus se espalhou\u201d, frisa o professor.<\/p>\n\n\n\n<p>Os mapas s\u00e3o elaborados pelos estudantes Francisco Segundo Neto (doutorado), Maria Cecilia Silva (doutorado), Thiago Farias (mestrado) e Arthur Santos (gradua\u00e7\u00e3o).&nbsp;<\/p>\n\n\n\n<figure class=\"wp-block-image\"><img decoding=\"async\" data-src=\"https:\/\/www.clickpb.com.br\/media\/filer_public\/f9\/64\/f964af7a-5231-47a4-8938-122ba1596d05\/pesquisa_ufpb.jpeg\" alt=\"\" src=\"data:image\/svg+xml;base64,PHN2ZyB3aWR0aD0iMSIgaGVpZ2h0PSIxIiB4bWxucz0iaHR0cDovL3d3dy53My5vcmcvMjAwMC9zdmciPjwvc3ZnPg==\" class=\"lazyload\" \/><\/figure>\n","protected":false},"excerpt":{"rendered":"<p>O Laborat\u00f3rio de Estudos e Gest\u00e3o de \u00c1guas e Territ\u00f3rio, vinculado ao Departamento de Geoci\u00eancias da Universidade Federal da Para\u00edba (UFPB), criou um&nbsp;servi\u00e7o de produ\u00e7\u00e3o&hellip; <\/p>\n","protected":false},"author":2,"featured_media":169486,"comment_status":"closed","ping_status":"closed","sticky":false,"template":"","format":"standard","meta":{"sfsi_plus_gutenberg_text_before_share":"","sfsi_plus_gutenberg_show_text_before_share":"","sfsi_plus_gutenberg_icon_type":"","sfsi_plus_gutenberg_icon_alignemt":"","sfsi_plus_gutenburg_max_per_row":"","footnotes":""},"categories":[2],"tags":[],"class_list":["post-170310","post","type-post","status-publish","format-standard","has-post-thumbnail","hentry","category-geral"],"_links":{"self":[{"href":"https:\/\/www.caririemacao.com\/1\/wp-json\/wp\/v2\/posts\/170310","targetHints":{"allow":["GET"]}}],"collection":[{"href":"https:\/\/www.caririemacao.com\/1\/wp-json\/wp\/v2\/posts"}],"about":[{"href":"https:\/\/www.caririemacao.com\/1\/wp-json\/wp\/v2\/types\/post"}],"author":[{"embeddable":true,"href":"https:\/\/www.caririemacao.com\/1\/wp-json\/wp\/v2\/users\/2"}],"replies":[{"embeddable":true,"href":"https:\/\/www.caririemacao.com\/1\/wp-json\/wp\/v2\/comments?post=170310"}],"version-history":[{"count":1,"href":"https:\/\/www.caririemacao.com\/1\/wp-json\/wp\/v2\/posts\/170310\/revisions"}],"predecessor-version":[{"id":170311,"href":"https:\/\/www.caririemacao.com\/1\/wp-json\/wp\/v2\/posts\/170310\/revisions\/170311"}],"wp:featuredmedia":[{"embeddable":true,"href":"https:\/\/www.caririemacao.com\/1\/wp-json\/wp\/v2\/media\/169486"}],"wp:attachment":[{"href":"https:\/\/www.caririemacao.com\/1\/wp-json\/wp\/v2\/media?parent=170310"}],"wp:term":[{"taxonomy":"category","embeddable":true,"href":"https:\/\/www.caririemacao.com\/1\/wp-json\/wp\/v2\/categories?post=170310"},{"taxonomy":"post_tag","embeddable":true,"href":"https:\/\/www.caririemacao.com\/1\/wp-json\/wp\/v2\/tags?post=170310"}],"curies":[{"name":"wp","href":"https:\/\/api.w.org\/{rel}","templated":true}]}}