{"id":170314,"date":"2020-05-19T10:29:07","date_gmt":"2020-05-19T13:29:07","guid":{"rendered":"https:\/\/www.caririemacao.com\/1\/?p=170314"},"modified":"2020-05-19T10:29:07","modified_gmt":"2020-05-19T13:29:07","slug":"secretaria-de-saude-de-amparo-visita-a-usina-de-leite-de-cabra-para-avaliar-como-esta-sendo-o-recebimento-do-leite","status":"publish","type":"post","link":"https:\/\/www.caririemacao.com\/1\/2020\/05\/19\/secretaria-de-saude-de-amparo-visita-a-usina-de-leite-de-cabra-para-avaliar-como-esta-sendo-o-recebimento-do-leite\/","title":{"rendered":"Secretaria de Sa\u00fade de Amparo visita a Usina de Leite de Cabra para avaliar como est\u00e1 sendo o recebimento do leite"},"content":{"rendered":"\n<p>A Secret\u00e1ria de Sa\u00fade de Amparo Ver\u00f4nica Rafael, a subsecret\u00e1ria Fabr\u00edcia Mizael e a Coordenadora da Vigil\u00e2ncia Sanit\u00e1ria Aracelly Oliveira estiveram realizando uma visita na Usina de Leite de Cabra no munic\u00edpio para saber como estava sendo o recebimento do leite.<\/p>\n\n\n\n<figure class=\"wp-block-image\"><img decoding=\"async\" data-src=\"https:\/\/1.bp.blogspot.com\/-X9Pj_XQ-LXo\/XsLZU19D9QI\/AAAAAAABNTU\/oC9vRhgtsYAdYWxr3I0svBsD6c6qB8vHwCLcBGAsYHQ\/s640\/DSC_0917.JPG\" alt=\"\" src=\"data:image\/svg+xml;base64,PHN2ZyB3aWR0aD0iMSIgaGVpZ2h0PSIxIiB4bWxucz0iaHR0cDovL3d3dy53My5vcmcvMjAwMC9zdmciPjwvc3ZnPg==\" class=\"lazyload\" \/><\/figure>\n\n\n\n<p><a href=\"https:\/\/1.bp.blogspot.com\/-X9Pj_XQ-LXo\/XsLZU19D9QI\/AAAAAAABNTU\/oC9vRhgtsYAdYWxr3I0svBsD6c6qB8vHwCLcBGAsYHQ\/s1600\/DSC_0917.JPG\"><\/a>A Recep\u00e7\u00e3o do leite est\u00e1 sendo de forma controlada, os produtores entram 2 por vez, ao entrar, tiram o seu balde para que um funcion\u00e1rio da usina fa\u00e7a a higieniza\u00e7\u00e3o por fora e assim seja encaminhado para os testes de rotina com o leite.<\/p>\n\n\n\n<p><br>Tamb\u00e9m est\u00e1 sendo aferida a temperatura corporal dos produtores.<br>Pensando tamb\u00e9m em evitar o contato f\u00edsico nesse momento de pandemia, os assuntos burocr\u00e1ticos com os produtores est\u00e3o sendo feitos atrav\u00e9s do whatsapp.<\/p>\n\n\n\n<p>Com Amparo Ligado<\/p>\n","protected":false},"excerpt":{"rendered":"<p>A Secret\u00e1ria de Sa\u00fade de Amparo Ver\u00f4nica Rafael, a subsecret\u00e1ria Fabr\u00edcia Mizael e a Coordenadora da Vigil\u00e2ncia Sanit\u00e1ria Aracelly Oliveira estiveram realizando uma visita na&hellip; <\/p>\n","protected":false},"author":1,"featured_media":170315,"comment_status":"closed","ping_status":"closed","sticky":false,"template":"","format":"standard","meta":{"sfsi_plus_gutenberg_text_before_share":"","sfsi_plus_gutenberg_show_text_before_share":"","sfsi_plus_gutenberg_icon_type":"","sfsi_plus_gutenberg_icon_alignemt":"","sfsi_plus_gutenburg_max_per_row":"","footnotes":""},"categories":[6,50],"tags":[],"class_list":["post-170314","post","type-post","status-publish","format-standard","has-post-thumbnail","hentry","category-cidades","category-destaque"],"_links":{"self":[{"href":"https:\/\/www.caririemacao.com\/1\/wp-json\/wp\/v2\/posts\/170314","targetHints":{"allow":["GET"]}}],"collection":[{"href":"https:\/\/www.caririemacao.com\/1\/wp-json\/wp\/v2\/posts"}],"about":[{"href":"https:\/\/www.caririemacao.com\/1\/wp-json\/wp\/v2\/types\/post"}],"author":[{"embeddable":true,"href":"https:\/\/www.caririemacao.com\/1\/wp-json\/wp\/v2\/users\/1"}],"replies":[{"embeddable":true,"href":"https:\/\/www.caririemacao.com\/1\/wp-json\/wp\/v2\/comments?post=170314"}],"version-history":[{"count":1,"href":"https:\/\/www.caririemacao.com\/1\/wp-json\/wp\/v2\/posts\/170314\/revisions"}],"predecessor-version":[{"id":170316,"href":"https:\/\/www.caririemacao.com\/1\/wp-json\/wp\/v2\/posts\/170314\/revisions\/170316"}],"wp:featuredmedia":[{"embeddable":true,"href":"https:\/\/www.caririemacao.com\/1\/wp-json\/wp\/v2\/media\/170315"}],"wp:attachment":[{"href":"https:\/\/www.caririemacao.com\/1\/wp-json\/wp\/v2\/media?parent=170314"}],"wp:term":[{"taxonomy":"category","embeddable":true,"href":"https:\/\/www.caririemacao.com\/1\/wp-json\/wp\/v2\/categories?post=170314"},{"taxonomy":"post_tag","embeddable":true,"href":"https:\/\/www.caririemacao.com\/1\/wp-json\/wp\/v2\/tags?post=170314"}],"curies":[{"name":"wp","href":"https:\/\/api.w.org\/{rel}","templated":true}]}}