{"id":170317,"date":"2020-05-19T10:31:42","date_gmt":"2020-05-19T13:31:42","guid":{"rendered":"https:\/\/www.caririemacao.com\/1\/?p=170317"},"modified":"2020-05-19T12:32:19","modified_gmt":"2020-05-19T15:32:19","slug":"prefeitura-e-secretaria-de-saude-de-amparo-farao-distribuicao-de-mascaras-reutilizaveis-a-distribuicao-acontecera-por-grupos-especificos-confira","status":"publish","type":"post","link":"https:\/\/www.caririemacao.com\/1\/2020\/05\/19\/prefeitura-e-secretaria-de-saude-de-amparo-farao-distribuicao-de-mascaras-reutilizaveis-a-distribuicao-acontecera-por-grupos-especificos-confira\/","title":{"rendered":"Prefeitura e Secretaria de Sa\u00fade de Amparo far\u00e3o distribui\u00e7\u00e3o de m\u00e1scaras reutiliz\u00e1veis; a distribui\u00e7\u00e3o acontecer\u00e1 por grupos espec\u00edficos, confira:"},"content":{"rendered":"\n<p>A Prefeitura de Amparo por meio da Secretaria Municipal de Sa\u00fade estar\u00e1 realizando a distribui\u00e7\u00e3o de m\u00e1scaras reutiliz\u00e1veis para a popula\u00e7\u00e3o! As m\u00e1scaras s\u00e3o confeccionadas em tecido dupla-face na cor branca, para que possam ser lavadas a base se cloro ou \u00e1gua sanit\u00e1ria.<br><br>Quem ser\u00e1 o respons\u00e1vel pela entrega ser\u00e1 o Agente Comunit\u00e1rio de Sa\u00fade de cada setor.<br><br>Toda semana, um novo grupo ir\u00e1 receber as m\u00e1scaras.&nbsp;<br><br><strong>A distribui\u00e7\u00e3o acontecer\u00e1 por fases, na primeira fase, quem ir\u00e1 receber as m\u00e1scaras ser\u00e3o :<\/strong><br><em><br>Gestantes;<\/em><br><em>Pacientes Asm\u00e1ticos;<\/em><br><em>Pacientes que j\u00e1 tiveram Pneumonia ou Tuberculose;<\/em><br><em>Pacientes Obesos.<\/em><\/p>\n\n\n\n<p>Com Amparo Ligado<\/p>\n","protected":false},"excerpt":{"rendered":"<p>A Prefeitura de Amparo por meio da Secretaria Municipal de Sa\u00fade estar\u00e1 realizando a distribui\u00e7\u00e3o de m\u00e1scaras reutiliz\u00e1veis para a popula\u00e7\u00e3o! As m\u00e1scaras s\u00e3o confeccionadas&hellip; <\/p>\n","protected":false},"author":1,"featured_media":170318,"comment_status":"closed","ping_status":"closed","sticky":false,"template":"","format":"standard","meta":{"sfsi_plus_gutenberg_text_before_share":"","sfsi_plus_gutenberg_show_text_before_share":"","sfsi_plus_gutenberg_icon_type":"","sfsi_plus_gutenberg_icon_alignemt":"","sfsi_plus_gutenburg_max_per_row":"","footnotes":""},"categories":[6],"tags":[],"class_list":["post-170317","post","type-post","status-publish","format-standard","has-post-thumbnail","hentry","category-cidades"],"_links":{"self":[{"href":"https:\/\/www.caririemacao.com\/1\/wp-json\/wp\/v2\/posts\/170317","targetHints":{"allow":["GET"]}}],"collection":[{"href":"https:\/\/www.caririemacao.com\/1\/wp-json\/wp\/v2\/posts"}],"about":[{"href":"https:\/\/www.caririemacao.com\/1\/wp-json\/wp\/v2\/types\/post"}],"author":[{"embeddable":true,"href":"https:\/\/www.caririemacao.com\/1\/wp-json\/wp\/v2\/users\/1"}],"replies":[{"embeddable":true,"href":"https:\/\/www.caririemacao.com\/1\/wp-json\/wp\/v2\/comments?post=170317"}],"version-history":[{"count":2,"href":"https:\/\/www.caririemacao.com\/1\/wp-json\/wp\/v2\/posts\/170317\/revisions"}],"predecessor-version":[{"id":170341,"href":"https:\/\/www.caririemacao.com\/1\/wp-json\/wp\/v2\/posts\/170317\/revisions\/170341"}],"wp:featuredmedia":[{"embeddable":true,"href":"https:\/\/www.caririemacao.com\/1\/wp-json\/wp\/v2\/media\/170318"}],"wp:attachment":[{"href":"https:\/\/www.caririemacao.com\/1\/wp-json\/wp\/v2\/media?parent=170317"}],"wp:term":[{"taxonomy":"category","embeddable":true,"href":"https:\/\/www.caririemacao.com\/1\/wp-json\/wp\/v2\/categories?post=170317"},{"taxonomy":"post_tag","embeddable":true,"href":"https:\/\/www.caririemacao.com\/1\/wp-json\/wp\/v2\/tags?post=170317"}],"curies":[{"name":"wp","href":"https:\/\/api.w.org\/{rel}","templated":true}]}}