{"id":170320,"date":"2020-05-19T10:39:47","date_gmt":"2020-05-19T13:39:47","guid":{"rendered":"https:\/\/www.caririemacao.com\/1\/?p=170320"},"modified":"2020-05-19T10:40:28","modified_gmt":"2020-05-19T13:40:28","slug":"prefeito-inacio-nobrega-prorroga-decreto-municipal-que-trata-das-medidas-de-enfrentamento-e-combate-ao-covid19","status":"publish","type":"post","link":"https:\/\/www.caririemacao.com\/1\/2020\/05\/19\/prefeito-inacio-nobrega-prorroga-decreto-municipal-que-trata-das-medidas-de-enfrentamento-e-combate-ao-covid19\/","title":{"rendered":"Prefeito In\u00e1cio N\u00f3brega prorroga Decreto Municipal que trata das medidas de enfrentamento e combate ao Covid-19"},"content":{"rendered":"\n<p>O prefeito de Amparo, In\u00e1cio N\u00f3brega,  publicou na manh\u00e3 desta ter\u00e7a-feira 19, um decreto prorrogando at\u00e9 o dia 31 de maio, as medidas de enfrentamento ao combate contra o covid-19 no munic\u00edpio. <\/p>\n\n\n\n<figure class=\"wp-block-image size-large\"><img fetchpriority=\"high\" decoding=\"async\" width=\"522\" height=\"522\" src=\"https:\/\/www.caririemacao.com\/1\/wp-content\/uploads\/2020\/05\/prefeituramunicipaldeamparopb_20200519_75.jpg\" alt=\"\" class=\"wp-image-170321\" srcset=\"https:\/\/www.caririemacao.com\/1\/wp-content\/uploads\/2020\/05\/prefeituramunicipaldeamparopb_20200519_75.jpg 522w, https:\/\/www.caririemacao.com\/1\/wp-content\/uploads\/2020\/05\/prefeituramunicipaldeamparopb_20200519_75-300x300.jpg 300w, https:\/\/www.caririemacao.com\/1\/wp-content\/uploads\/2020\/05\/prefeituramunicipaldeamparopb_20200519_75-150x150.jpg 150w\" sizes=\"(max-width: 522px) 100vw, 522px\" \/><\/figure>\n\n\n\n<figure class=\"wp-block-image size-large\"><img decoding=\"async\" width=\"522\" height=\"522\" data-src=\"https:\/\/www.caririemacao.com\/1\/wp-content\/uploads\/2020\/05\/prefeituramunicipaldeamparopb_20200519_74.jpg\" alt=\"\" class=\"wp-image-170322 lazyload\" data-srcset=\"https:\/\/www.caririemacao.com\/1\/wp-content\/uploads\/2020\/05\/prefeituramunicipaldeamparopb_20200519_74.jpg 522w, https:\/\/www.caririemacao.com\/1\/wp-content\/uploads\/2020\/05\/prefeituramunicipaldeamparopb_20200519_74-300x300.jpg 300w, https:\/\/www.caririemacao.com\/1\/wp-content\/uploads\/2020\/05\/prefeituramunicipaldeamparopb_20200519_74-150x150.jpg 150w\" data-sizes=\"(max-width: 522px) 100vw, 522px\" src=\"data:image\/svg+xml;base64,PHN2ZyB3aWR0aD0iMSIgaGVpZ2h0PSIxIiB4bWxucz0iaHR0cDovL3d3dy53My5vcmcvMjAwMC9zdmciPjwvc3ZnPg==\" style=\"--smush-placeholder-width: 522px; --smush-placeholder-aspect-ratio: 522\/522;\" \/><\/figure>\n","protected":false},"excerpt":{"rendered":"<p>O prefeito de Amparo, In\u00e1cio N\u00f3brega, publicou na manh\u00e3 desta ter\u00e7a-feira 19, um decreto prorrogando at\u00e9 o dia 31 de maio, as medidas de enfrentamento&hellip; <\/p>\n","protected":false},"author":1,"featured_media":168560,"comment_status":"closed","ping_status":"closed","sticky":false,"template":"","format":"standard","meta":{"sfsi_plus_gutenberg_text_before_share":"","sfsi_plus_gutenberg_show_text_before_share":"","sfsi_plus_gutenberg_icon_type":"","sfsi_plus_gutenberg_icon_alignemt":"","sfsi_plus_gutenburg_max_per_row":"","footnotes":""},"categories":[6,50],"tags":[],"class_list":["post-170320","post","type-post","status-publish","format-standard","has-post-thumbnail","hentry","category-cidades","category-destaque"],"_links":{"self":[{"href":"https:\/\/www.caririemacao.com\/1\/wp-json\/wp\/v2\/posts\/170320","targetHints":{"allow":["GET"]}}],"collection":[{"href":"https:\/\/www.caririemacao.com\/1\/wp-json\/wp\/v2\/posts"}],"about":[{"href":"https:\/\/www.caririemacao.com\/1\/wp-json\/wp\/v2\/types\/post"}],"author":[{"embeddable":true,"href":"https:\/\/www.caririemacao.com\/1\/wp-json\/wp\/v2\/users\/1"}],"replies":[{"embeddable":true,"href":"https:\/\/www.caririemacao.com\/1\/wp-json\/wp\/v2\/comments?post=170320"}],"version-history":[{"count":2,"href":"https:\/\/www.caririemacao.com\/1\/wp-json\/wp\/v2\/posts\/170320\/revisions"}],"predecessor-version":[{"id":170324,"href":"https:\/\/www.caririemacao.com\/1\/wp-json\/wp\/v2\/posts\/170320\/revisions\/170324"}],"wp:featuredmedia":[{"embeddable":true,"href":"https:\/\/www.caririemacao.com\/1\/wp-json\/wp\/v2\/media\/168560"}],"wp:attachment":[{"href":"https:\/\/www.caririemacao.com\/1\/wp-json\/wp\/v2\/media?parent=170320"}],"wp:term":[{"taxonomy":"category","embeddable":true,"href":"https:\/\/www.caririemacao.com\/1\/wp-json\/wp\/v2\/categories?post=170320"},{"taxonomy":"post_tag","embeddable":true,"href":"https:\/\/www.caririemacao.com\/1\/wp-json\/wp\/v2\/tags?post=170320"}],"curies":[{"name":"wp","href":"https:\/\/api.w.org\/{rel}","templated":true}]}}