{"id":170326,"date":"2020-05-19T10:53:53","date_gmt":"2020-05-19T13:53:53","guid":{"rendered":"https:\/\/www.caririemacao.com\/1\/?p=170326"},"modified":"2020-05-19T10:53:53","modified_gmt":"2020-05-19T13:53:53","slug":"governador-de-pernambuco-confirma-teste-positivo-para-o-novo-coronavirus","status":"publish","type":"post","link":"https:\/\/www.caririemacao.com\/1\/2020\/05\/19\/governador-de-pernambuco-confirma-teste-positivo-para-o-novo-coronavirus\/","title":{"rendered":"Governador de Pernambuco confirma teste positivo para o novo Coronav\u00edrus"},"content":{"rendered":"\n<p>O governador de Pernambuco, Paulo C\u00e2mara (PSB), de 47 anos, anunciou que est\u00e1 com a Covid-19, doen\u00e7a provocada pelo novo coronav\u00edrus. Por meio de pronunciamento, em v\u00eddeo postado nas redes sociais, o gestor afirmou que recebeu o resultado positivo do teste na noite desta segunda-feira (18).<\/p>\n\n\n\n<p>Usando m\u00e1scara, o governador afirmou, no r\u00e1pido pronunciamento, que come\u00e7ou a sentir os primeiros sintomas de gripe nesta segunda. \u201cFui aconselhado a fazer o teste e ele deu positivo\u201d, declarou. Por meio de nota, o governo informou que C\u00e2mara apresentou &#8220;apenas sintomas leves&#8221;.<\/p>\n\n\n\n<figure><iframe data-src=\"https:\/\/www.instagram.com\/p\/CAWYt4aFjiD\/embed\/captioned\/?cr=1&amp;v=12&amp;wp=540&amp;rd=https%3A%2F%2Fwww.clickpb.com.br&amp;rp=%2Fadmin%2Fportal%2Fportalarticle%2Fadd%2F#%7B%22ci%22%3A0%2C%22os%22%3A389700.65500000055%2C%22ls%22%3A389684.0050000028%2C%22le%22%3A389688.2600000026%7D\" allowfullscreen=\"true\" height=\"657\" src=\"data:image\/svg+xml;base64,PHN2ZyB3aWR0aD0iMSIgaGVpZ2h0PSIxIiB4bWxucz0iaHR0cDovL3d3dy53My5vcmcvMjAwMC9zdmciPjwvc3ZnPg==\" class=\"lazyload\" data-load-mode=\"1\"><\/iframe><\/figure>\n\n\n\n<p>No pronunciamento, o chefe do Executivo pernambucano disse que vai iniciar ent\u00e3o o isolamento e tomar todas as precau\u00e7\u00f5es necess\u00e1rias. \u201cVamos seguir todas as orienta\u00e7\u00f5es m\u00e9dicas\u201d<\/p>\n\n\n\n<p>C\u00e2mara disse tamb\u00e9m que vai monitorar as a\u00e7\u00f5es do governo para conter o avan\u00e7o da doen\u00e7a no estado. \u201cO gabinete de crise continua trabalhando.Vamos acompanhar remotamente todas as a\u00e7\u00f5es necess\u00e1rias para livrar Pernambuco da Covid-19&#8243;, disse.,<\/p>\n\n\n\n<p>Por fim, Paulo C\u00e2mara mandou um recado aos pernambucanos: &#8220;Que Deus os acompanhem. Fiquem em casa&#8221;.<\/p>\n\n\n\n<p><strong>Entrevista<\/strong><\/p>\n\n\n\n<p>Mais cedo, em entrevista \u00e0 Globo News, nesta segunda (18), o governador Paulo C\u00e2mara destacou os n\u00fameros de isolamento social registrados nos primeiros dias de quarentena (veja v\u00eddeo acima).<\/p>\n\n\n\n<p>\u201cOs dados mostram um avan\u00e7o. Ou seja, o isolamento social, comparado com o s\u00e1bado e domingo da semana anterior, cresceu mais de 10 pontos percentuais. Ent\u00e3o, cumprimos uma etapa importante que deve por cento das pessoas ficar em casa\u201d, declarou.<\/p>\n\n\n\n<p>C\u00e2mara tamb\u00e9m justificou as medidas mais severas adotadas nas cinco cidades do Grande Recife. Segundo ele, ao longo das \u00faltimas semanas foram verificados o aumento dos n\u00fameros de casos do novo coronav\u00edrus e a amplia\u00e7\u00e3o do relaxamento das medidas pela popula\u00e7\u00e3o.<\/p>\n\n\n\n<p>Para o gestor, discursos contradit\u00f3rios entre o governo do estado, que determina isolamento mais r\u00edgido, e o governo federal, que prega ao relaxamento, dificulta as a\u00e7\u00f5es.<\/p>\n\n\n\n<p><strong>Dados<\/strong><\/p>\n\n\n\n<p>Pernambuco teve, nesta segunda-feira (18), o maior registro di\u00e1rio de mortes pela Covid-19 desde o in\u00edcio da pandemia, em mar\u00e7o, com 124 novos \u00f3bitos.<\/p>\n\n\n\n<p>Tamb\u00e9m de acordo com o boletim divulgado pela Secretaria Estadual de Sa\u00fade (SES), foram confirmados mais 642 casos da doen\u00e7a causada pelo novo coronav\u00edrus, levando o estado a ultrapassar o n\u00famero de 20 mil confirma\u00e7\u00f5es, com 20.094 pacientes<\/p>\n","protected":false},"excerpt":{"rendered":"<p>O governador de Pernambuco, Paulo C\u00e2mara (PSB), de 47 anos, anunciou que est\u00e1 com a Covid-19, doen\u00e7a provocada pelo novo coronav\u00edrus. Por meio de pronunciamento,&hellip; <\/p>\n","protected":false},"author":2,"featured_media":170327,"comment_status":"closed","ping_status":"closed","sticky":false,"template":"","format":"standard","meta":{"sfsi_plus_gutenberg_text_before_share":"","sfsi_plus_gutenberg_show_text_before_share":"","sfsi_plus_gutenberg_icon_type":"","sfsi_plus_gutenberg_icon_alignemt":"","sfsi_plus_gutenburg_max_per_row":"","footnotes":""},"categories":[2],"tags":[],"class_list":["post-170326","post","type-post","status-publish","format-standard","has-post-thumbnail","hentry","category-geral"],"_links":{"self":[{"href":"https:\/\/www.caririemacao.com\/1\/wp-json\/wp\/v2\/posts\/170326","targetHints":{"allow":["GET"]}}],"collection":[{"href":"https:\/\/www.caririemacao.com\/1\/wp-json\/wp\/v2\/posts"}],"about":[{"href":"https:\/\/www.caririemacao.com\/1\/wp-json\/wp\/v2\/types\/post"}],"author":[{"embeddable":true,"href":"https:\/\/www.caririemacao.com\/1\/wp-json\/wp\/v2\/users\/2"}],"replies":[{"embeddable":true,"href":"https:\/\/www.caririemacao.com\/1\/wp-json\/wp\/v2\/comments?post=170326"}],"version-history":[{"count":1,"href":"https:\/\/www.caririemacao.com\/1\/wp-json\/wp\/v2\/posts\/170326\/revisions"}],"predecessor-version":[{"id":170328,"href":"https:\/\/www.caririemacao.com\/1\/wp-json\/wp\/v2\/posts\/170326\/revisions\/170328"}],"wp:featuredmedia":[{"embeddable":true,"href":"https:\/\/www.caririemacao.com\/1\/wp-json\/wp\/v2\/media\/170327"}],"wp:attachment":[{"href":"https:\/\/www.caririemacao.com\/1\/wp-json\/wp\/v2\/media?parent=170326"}],"wp:term":[{"taxonomy":"category","embeddable":true,"href":"https:\/\/www.caririemacao.com\/1\/wp-json\/wp\/v2\/categories?post=170326"},{"taxonomy":"post_tag","embeddable":true,"href":"https:\/\/www.caririemacao.com\/1\/wp-json\/wp\/v2\/tags?post=170326"}],"curies":[{"name":"wp","href":"https:\/\/api.w.org\/{rel}","templated":true}]}}