{"id":170333,"date":"2020-05-19T11:51:30","date_gmt":"2020-05-19T14:51:30","guid":{"rendered":"https:\/\/www.caririemacao.com\/1\/?p=170333"},"modified":"2020-05-19T12:51:58","modified_gmt":"2020-05-19T15:51:58","slug":"presidente-da-camara-de-congo-solicita-adicional-noturno-para-enfermeiros-plantonistas-do-municipio","status":"publish","type":"post","link":"https:\/\/www.caririemacao.com\/1\/2020\/05\/19\/presidente-da-camara-de-congo-solicita-adicional-noturno-para-enfermeiros-plantonistas-do-municipio\/","title":{"rendered":"Presidente da C\u00e2mara de Congo solicita adicional noturno para enfermeiros plantonistas do munic\u00edpio"},"content":{"rendered":"\n<p>O presidente da C\u00e2mara de Vereadores do munic\u00edpio de Congo, Lenilson Bezerra, encaminhou um of\u00edcio de n\u00b0 12\/2020 ao Prefeito J\u00fanior Quirino, solicitando que seja implantado um adicional noturno e elevar n\u00edvel de 40% da insalubridade para todos enfermeiros e plantonistas que tem prestado relevantes servi\u00e7os \u00e0 popula\u00e7\u00e3o do munic\u00edpio. <\/p>\n\n\n\n<p>Tendo em vista que j\u00e1 foram confirmados 10 casos de pessoas contaminadas com Covid-19 no munic\u00edpio. Sendo assim, esses enfermeiros, vem prestando relevantes servi\u00e7os, na linha de frente do combate a doen\u00e7a no munic\u00edpio. <\/p>\n\n\n\n<figure class=\"wp-block-image size-large\"><img fetchpriority=\"high\" decoding=\"async\" width=\"1024\" height=\"1024\" src=\"https:\/\/www.caririemacao.com\/1\/wp-content\/uploads\/2020\/05\/InShot_20200519_115009014-1024x1024.jpg\" alt=\"\" class=\"wp-image-170337\" srcset=\"https:\/\/www.caririemacao.com\/1\/wp-content\/uploads\/2020\/05\/InShot_20200519_115009014-1024x1024.jpg 1024w, https:\/\/www.caririemacao.com\/1\/wp-content\/uploads\/2020\/05\/InShot_20200519_115009014-300x300.jpg 300w, https:\/\/www.caririemacao.com\/1\/wp-content\/uploads\/2020\/05\/InShot_20200519_115009014-150x150.jpg 150w, https:\/\/www.caririemacao.com\/1\/wp-content\/uploads\/2020\/05\/InShot_20200519_115009014-768x768.jpg 768w, https:\/\/www.caririemacao.com\/1\/wp-content\/uploads\/2020\/05\/InShot_20200519_115009014-1536x1536.jpg 1536w, https:\/\/www.caririemacao.com\/1\/wp-content\/uploads\/2020\/05\/InShot_20200519_115009014.jpg 1920w\" sizes=\"(max-width: 1024px) 100vw, 1024px\" \/><\/figure>\n","protected":false},"excerpt":{"rendered":"<p>O presidente da C\u00e2mara de Vereadores do munic\u00edpio de Congo, Lenilson Bezerra, encaminhou um of\u00edcio de n\u00b0 12\/2020 ao Prefeito J\u00fanior Quirino, solicitando que seja&hellip; <\/p>\n","protected":false},"author":1,"featured_media":170336,"comment_status":"closed","ping_status":"closed","sticky":false,"template":"","format":"standard","meta":{"sfsi_plus_gutenberg_text_before_share":"","sfsi_plus_gutenberg_show_text_before_share":"","sfsi_plus_gutenberg_icon_type":"","sfsi_plus_gutenberg_icon_alignemt":"","sfsi_plus_gutenburg_max_per_row":"","footnotes":""},"categories":[6,50],"tags":[],"class_list":["post-170333","post","type-post","status-publish","format-standard","has-post-thumbnail","hentry","category-cidades","category-destaque"],"_links":{"self":[{"href":"https:\/\/www.caririemacao.com\/1\/wp-json\/wp\/v2\/posts\/170333","targetHints":{"allow":["GET"]}}],"collection":[{"href":"https:\/\/www.caririemacao.com\/1\/wp-json\/wp\/v2\/posts"}],"about":[{"href":"https:\/\/www.caririemacao.com\/1\/wp-json\/wp\/v2\/types\/post"}],"author":[{"embeddable":true,"href":"https:\/\/www.caririemacao.com\/1\/wp-json\/wp\/v2\/users\/1"}],"replies":[{"embeddable":true,"href":"https:\/\/www.caririemacao.com\/1\/wp-json\/wp\/v2\/comments?post=170333"}],"version-history":[{"count":3,"href":"https:\/\/www.caririemacao.com\/1\/wp-json\/wp\/v2\/posts\/170333\/revisions"}],"predecessor-version":[{"id":170342,"href":"https:\/\/www.caririemacao.com\/1\/wp-json\/wp\/v2\/posts\/170333\/revisions\/170342"}],"wp:featuredmedia":[{"embeddable":true,"href":"https:\/\/www.caririemacao.com\/1\/wp-json\/wp\/v2\/media\/170336"}],"wp:attachment":[{"href":"https:\/\/www.caririemacao.com\/1\/wp-json\/wp\/v2\/media?parent=170333"}],"wp:term":[{"taxonomy":"category","embeddable":true,"href":"https:\/\/www.caririemacao.com\/1\/wp-json\/wp\/v2\/categories?post=170333"},{"taxonomy":"post_tag","embeddable":true,"href":"https:\/\/www.caririemacao.com\/1\/wp-json\/wp\/v2\/tags?post=170333"}],"curies":[{"name":"wp","href":"https:\/\/api.w.org\/{rel}","templated":true}]}}