{"id":170372,"date":"2020-05-19T13:35:43","date_gmt":"2020-05-19T16:35:43","guid":{"rendered":"https:\/\/www.caririemacao.com\/1\/?p=170372"},"modified":"2020-05-19T13:35:43","modified_gmt":"2020-05-19T16:35:43","slug":"presidente-da-alpb-opina-que-nao-da-mais-para-segurar-o-isolamento-social","status":"publish","type":"post","link":"https:\/\/www.caririemacao.com\/1\/2020\/05\/19\/presidente-da-alpb-opina-que-nao-da-mais-para-segurar-o-isolamento-social\/","title":{"rendered":"Presidente da ALPB opina que n\u00e3o d\u00e1 mais para segurar o isolamento social"},"content":{"rendered":"\n<p>O presidente da Assembleia Legislativa da Para\u00edba, deputado Adriano Galdino (PSB), opinou sobre os decretos que estendem o isolamento social para at\u00e9 o final deste m\u00eas, baixados, nesse final de semana, pelo governador Jo\u00e3o Azev\u00eado (Cidadania) e pelo prefeito Luciano Cartaxo (PV).<\/p>\n\n\n\n<p>Para Galdino, \u00e9 preciso saber conviver com o v\u00edrus, que \u00e9 mut\u00e1vel, e o mundo tem que se adaptar \u00e0 nova realidade causada pela pandemia.<\/p>\n\n\n\n<p>Segundo ele, \u00e9 muito importante a quest\u00e3o do isolamento social, mas \u00e9 necess\u00e1rio enxergar que, a partir deste momento, \u00e9 preciso estudar uma pol\u00edtica de flexibiliza\u00e7\u00e3o.<\/p>\n\n\n\n<p>\u201cN\u00e3o tem mais como segurar esse isolamento social por muito tempo. N\u00f3s precisamos urgentemente ter um plano de reabertura dos segmentos da economia para que possamos ir abrindo, mas com o vetor primordial da seguran\u00e7a\u201d, disse.<\/p>\n\n\n\n<p>Segundo ele, \u00e9 preciso ter um controle de seguran\u00e7a da sa\u00fade, por exemplo, no com\u00e9rcio, tanto para os clientes e funcion\u00e1rios e todos que estiverem em torno deste segmento.<\/p>\n\n\n\n<p>\u201cPrecisamos ter esse item como vetor principal. A quest\u00e3o da seguran\u00e7a, da prote\u00e7\u00e3o \u00e0s pessoas. Agora, \u00e9 preciso conversarmos com todos os setores da economia, porque o pa\u00eds passa por uma dificuldade financeira muito grave. Portanto, \u00e9 preciso tamb\u00e9m um di\u00e1logo constante com a sa\u00fade p\u00fablica, para que estes dois setores encontrem um ponto de equil\u00edbrio que satisfa\u00e7a ambas as partes\u201d, destacou Adriano Galdino.<\/p>\n","protected":false},"excerpt":{"rendered":"<p>O presidente da Assembleia Legislativa da Para\u00edba, deputado Adriano Galdino (PSB), opinou sobre os decretos que estendem o isolamento social para at\u00e9 o final deste&hellip; <\/p>\n","protected":false},"author":2,"featured_media":166357,"comment_status":"closed","ping_status":"closed","sticky":false,"template":"","format":"standard","meta":{"sfsi_plus_gutenberg_text_before_share":"","sfsi_plus_gutenberg_show_text_before_share":"","sfsi_plus_gutenberg_icon_type":"","sfsi_plus_gutenberg_icon_alignemt":"","sfsi_plus_gutenburg_max_per_row":"","footnotes":""},"categories":[11],"tags":[],"class_list":["post-170372","post","type-post","status-publish","format-standard","has-post-thumbnail","hentry","category-politica"],"_links":{"self":[{"href":"https:\/\/www.caririemacao.com\/1\/wp-json\/wp\/v2\/posts\/170372","targetHints":{"allow":["GET"]}}],"collection":[{"href":"https:\/\/www.caririemacao.com\/1\/wp-json\/wp\/v2\/posts"}],"about":[{"href":"https:\/\/www.caririemacao.com\/1\/wp-json\/wp\/v2\/types\/post"}],"author":[{"embeddable":true,"href":"https:\/\/www.caririemacao.com\/1\/wp-json\/wp\/v2\/users\/2"}],"replies":[{"embeddable":true,"href":"https:\/\/www.caririemacao.com\/1\/wp-json\/wp\/v2\/comments?post=170372"}],"version-history":[{"count":1,"href":"https:\/\/www.caririemacao.com\/1\/wp-json\/wp\/v2\/posts\/170372\/revisions"}],"predecessor-version":[{"id":170373,"href":"https:\/\/www.caririemacao.com\/1\/wp-json\/wp\/v2\/posts\/170372\/revisions\/170373"}],"wp:featuredmedia":[{"embeddable":true,"href":"https:\/\/www.caririemacao.com\/1\/wp-json\/wp\/v2\/media\/166357"}],"wp:attachment":[{"href":"https:\/\/www.caririemacao.com\/1\/wp-json\/wp\/v2\/media?parent=170372"}],"wp:term":[{"taxonomy":"category","embeddable":true,"href":"https:\/\/www.caririemacao.com\/1\/wp-json\/wp\/v2\/categories?post=170372"},{"taxonomy":"post_tag","embeddable":true,"href":"https:\/\/www.caririemacao.com\/1\/wp-json\/wp\/v2\/tags?post=170372"}],"curies":[{"name":"wp","href":"https:\/\/api.w.org\/{rel}","templated":true}]}}