{"id":170375,"date":"2020-05-19T13:37:57","date_gmt":"2020-05-19T16:37:57","guid":{"rendered":"https:\/\/www.caririemacao.com\/1\/?p=170375"},"modified":"2020-05-19T13:37:57","modified_gmt":"2020-05-19T16:37:57","slug":"kit-covid-19-prefeitura-de-sao-mamede-distribui-kits-com-cloroquina-e-azitromicina-para-pessoas-com-suspeita-de-coronavirus","status":"publish","type":"post","link":"https:\/\/www.caririemacao.com\/1\/2020\/05\/19\/kit-covid-19-prefeitura-de-sao-mamede-distribui-kits-com-cloroquina-e-azitromicina-para-pessoas-com-suspeita-de-coronavirus\/","title":{"rendered":"&#8216;Kit covid-19&#8217;: Prefeitura de S\u00e3o Mamede distribui kits com cloroquina e azitromicina para pessoas com suspeita de coronav\u00edrus"},"content":{"rendered":"\n<p>A Prefeitura de S\u00e3o Mamede, na Para\u00edba, iniciou nesta segunda-feira (18), a entrega de kits com medica\u00e7\u00f5es usadas para pacientes que foram infectados pelo novo Coronav\u00edrus. O &#8220;Kit Covid-19&#8221;, cont\u00e9m&nbsp;Azitromicina 500 Mg, Ivermectina 6 Mg, Dipirona 500 mg, Prednisona, 20 mg, Zinco, Vitamina D, Nitazoxanida, Hidroxicloroquina, AAS e Ambroxol.&nbsp;<\/p>\n\n\n\n<p>De acordo com informa\u00e7\u00f5es, os medicamentos ser\u00e3o fornecidos de acordo com a prescri\u00e7\u00e3o m\u00e9dica. O farmac\u00eautico monta o kit e encaminha ao paciente que recebe os medicamentos na sua casa.<\/p>\n\n\n\n<figure class=\"wp-block-image\"><img decoding=\"async\" data-src=\"https:\/\/www.clickpb.com.br\/media\/filer_public\/ac\/4c\/ac4c1a56-0a58-4a04-b211-95e25564634e\/kit-2.jpg\" alt=\"\" src=\"data:image\/svg+xml;base64,PHN2ZyB3aWR0aD0iMSIgaGVpZ2h0PSIxIiB4bWxucz0iaHR0cDovL3d3dy53My5vcmcvMjAwMC9zdmciPjwvc3ZnPg==\" class=\"lazyload\" \/><\/figure>\n\n\n\n<p>A entrega \u00e9 realizada pela Secretaria de Sa\u00fade com a equipe&nbsp;devidamente equipada com o uso de EPIs.&nbsp;<\/p>\n\n\n\n<p>O ClickPB entrou em contato com o Secret\u00e1rio de Sa\u00fade do Estado, Geraldo Medeiros, que informou que o fornecimento das medica\u00e7\u00f5es \u00e9 de responsabilidade do munic\u00edpio.&nbsp;<\/p>\n","protected":false},"excerpt":{"rendered":"<p>A Prefeitura de S\u00e3o Mamede, na Para\u00edba, iniciou nesta segunda-feira (18), a entrega de kits com medica\u00e7\u00f5es usadas para pacientes que foram infectados pelo novo&hellip; <\/p>\n","protected":false},"author":2,"featured_media":170376,"comment_status":"closed","ping_status":"closed","sticky":false,"template":"","format":"standard","meta":{"sfsi_plus_gutenberg_text_before_share":"","sfsi_plus_gutenberg_show_text_before_share":"","sfsi_plus_gutenberg_icon_type":"","sfsi_plus_gutenberg_icon_alignemt":"","sfsi_plus_gutenburg_max_per_row":"","footnotes":""},"categories":[6],"tags":[],"class_list":["post-170375","post","type-post","status-publish","format-standard","has-post-thumbnail","hentry","category-cidades"],"_links":{"self":[{"href":"https:\/\/www.caririemacao.com\/1\/wp-json\/wp\/v2\/posts\/170375","targetHints":{"allow":["GET"]}}],"collection":[{"href":"https:\/\/www.caririemacao.com\/1\/wp-json\/wp\/v2\/posts"}],"about":[{"href":"https:\/\/www.caririemacao.com\/1\/wp-json\/wp\/v2\/types\/post"}],"author":[{"embeddable":true,"href":"https:\/\/www.caririemacao.com\/1\/wp-json\/wp\/v2\/users\/2"}],"replies":[{"embeddable":true,"href":"https:\/\/www.caririemacao.com\/1\/wp-json\/wp\/v2\/comments?post=170375"}],"version-history":[{"count":1,"href":"https:\/\/www.caririemacao.com\/1\/wp-json\/wp\/v2\/posts\/170375\/revisions"}],"predecessor-version":[{"id":170377,"href":"https:\/\/www.caririemacao.com\/1\/wp-json\/wp\/v2\/posts\/170375\/revisions\/170377"}],"wp:featuredmedia":[{"embeddable":true,"href":"https:\/\/www.caririemacao.com\/1\/wp-json\/wp\/v2\/media\/170376"}],"wp:attachment":[{"href":"https:\/\/www.caririemacao.com\/1\/wp-json\/wp\/v2\/media?parent=170375"}],"wp:term":[{"taxonomy":"category","embeddable":true,"href":"https:\/\/www.caririemacao.com\/1\/wp-json\/wp\/v2\/categories?post=170375"},{"taxonomy":"post_tag","embeddable":true,"href":"https:\/\/www.caririemacao.com\/1\/wp-json\/wp\/v2\/tags?post=170375"}],"curies":[{"name":"wp","href":"https:\/\/api.w.org\/{rel}","templated":true}]}}