{"id":170379,"date":"2020-05-19T14:04:07","date_gmt":"2020-05-19T17:04:07","guid":{"rendered":"https:\/\/www.caririemacao.com\/1\/?p=170379"},"modified":"2020-05-19T14:04:07","modified_gmt":"2020-05-19T17:04:07","slug":"joao-azevedo-e-outros-governadores-se-reunem-com-o-presidente-jair-bolsonaro-nesta-quinta-feira","status":"publish","type":"post","link":"https:\/\/www.caririemacao.com\/1\/2020\/05\/19\/joao-azevedo-e-outros-governadores-se-reunem-com-o-presidente-jair-bolsonaro-nesta-quinta-feira\/","title":{"rendered":"Jo\u00e3o Azev\u00eado e outros governadores se re\u00fanem com o presidente Jair Bolsonaro nesta quinta-feira"},"content":{"rendered":"\n<p>O governador Jo\u00e3o Azev\u00eado se juntar\u00e1 a outros governadores do Brasil, representantes do Congresso e do Supremo Tribunal Federal (STF) em uma reuni\u00e3o com o presidente Jair Bolsonaro nesta quinta-feira (21).<\/p>\n\n\n\n<p>A reuni\u00e3o ser\u00e1 realizada por videoconfer\u00eancia e o tema ser\u00e1 a pandemia de covid-19 e o socorro aos estados e munic\u00edpios, que, aprovado no congresso, ainda n\u00e3o foi sancionado pelo presidente.<\/p>\n\n\n\n<p>O secret\u00e1rio especial da Fazenda do Minist\u00e9rio da Economia, Waldery Rodrigues, j\u00e1 havia dito que\u00a0Bolsonaro foi orientado pela equipe econ\u00f4mica a vetar pelo menos dois pontos do projeto\u00a0de aux\u00edlio: o que amplia o n\u00famero de carreiras que ficam de fora do congelamento de reajuste salarial e o que impede a Uni\u00e3o de executar as garantias contratuais no caso de estados e munic\u00edpios n\u00e3o pagarem empr\u00e9stimos firmados com bancos e organismos multilaterais internacionais.<\/p>\n","protected":false},"excerpt":{"rendered":"<p>O governador Jo\u00e3o Azev\u00eado se juntar\u00e1 a outros governadores do Brasil, representantes do Congresso e do Supremo Tribunal Federal (STF) em uma reuni\u00e3o com o&hellip; <\/p>\n","protected":false},"author":2,"featured_media":168459,"comment_status":"closed","ping_status":"closed","sticky":false,"template":"","format":"standard","meta":{"sfsi_plus_gutenberg_text_before_share":"","sfsi_plus_gutenberg_show_text_before_share":"","sfsi_plus_gutenberg_icon_type":"","sfsi_plus_gutenberg_icon_alignemt":"","sfsi_plus_gutenburg_max_per_row":"","footnotes":""},"categories":[11],"tags":[],"class_list":["post-170379","post","type-post","status-publish","format-standard","has-post-thumbnail","hentry","category-politica"],"_links":{"self":[{"href":"https:\/\/www.caririemacao.com\/1\/wp-json\/wp\/v2\/posts\/170379","targetHints":{"allow":["GET"]}}],"collection":[{"href":"https:\/\/www.caririemacao.com\/1\/wp-json\/wp\/v2\/posts"}],"about":[{"href":"https:\/\/www.caririemacao.com\/1\/wp-json\/wp\/v2\/types\/post"}],"author":[{"embeddable":true,"href":"https:\/\/www.caririemacao.com\/1\/wp-json\/wp\/v2\/users\/2"}],"replies":[{"embeddable":true,"href":"https:\/\/www.caririemacao.com\/1\/wp-json\/wp\/v2\/comments?post=170379"}],"version-history":[{"count":1,"href":"https:\/\/www.caririemacao.com\/1\/wp-json\/wp\/v2\/posts\/170379\/revisions"}],"predecessor-version":[{"id":170380,"href":"https:\/\/www.caririemacao.com\/1\/wp-json\/wp\/v2\/posts\/170379\/revisions\/170380"}],"wp:featuredmedia":[{"embeddable":true,"href":"https:\/\/www.caririemacao.com\/1\/wp-json\/wp\/v2\/media\/168459"}],"wp:attachment":[{"href":"https:\/\/www.caririemacao.com\/1\/wp-json\/wp\/v2\/media?parent=170379"}],"wp:term":[{"taxonomy":"category","embeddable":true,"href":"https:\/\/www.caririemacao.com\/1\/wp-json\/wp\/v2\/categories?post=170379"},{"taxonomy":"post_tag","embeddable":true,"href":"https:\/\/www.caririemacao.com\/1\/wp-json\/wp\/v2\/tags?post=170379"}],"curies":[{"name":"wp","href":"https:\/\/api.w.org\/{rel}","templated":true}]}}